{"id":23279,"date":"2023-10-25T10:32:16","date_gmt":"2023-10-25T16:32:16","guid":{"rendered":"https:\/\/enconecte.com\/?p=23279"},"modified":"2023-11-07T10:32:59","modified_gmt":"2023-11-07T16:32:59","slug":"clausuran-curso-de-alfareria-en-jerez","status":"publish","type":"post","link":"https:\/\/enconecte.com\/?p=23279","title":{"rendered":"CLAUSURAN CURSO DE ALFARER\u00cdA EN JEREZ"},"content":{"rendered":"<p>El taller de &#8220;Elaboraci\u00f3n y dise\u00f1o de macetas&#8221; exclusivo para mujeres, que se realiz\u00f3 en el taller de alfarer\u00eda N\u00fa\u00f1ez, ubicado en la carretera a Santa Rita, concluy\u00f3 hoy con \u00e9xito. Al acto de clausura asistieron autoridades municipales y el grupo de mujeres que participaron en el curso, que fue gestionado y organizado por el Instituto de la Mujer Jerezana (INMUJE), parte del gobierno municipal 2021-2024, en conjunto con la Secretar\u00eda de la Mujer del Estado de Zacatecas (SEMUJER), con el objetivo de brindar a las mujeres nuevos conocimientos y habilidades en el oficio de la alfarer\u00eda.<\/p>\n<p>La Mtra. Teresina Casas Castro, directora del INMUJE, expres\u00f3 su deseo de traer m\u00e1s cursos como este a Jerez, en beneficio de m\u00e1s jerezanas. Tambi\u00e9n destac\u00f3 el progreso de las asistentes y el contenido del taller, del que fue testigo. Adem\u00e1s, resalt\u00f3 la convivencia sana y el buen trabajo en equipo que se gener\u00f3 entre las mujeres.<\/p>\n<p>El alcalde, Dr. Jos\u00e9 Humberto Salazar Contreras, se mostr\u00f3 contento de compartir el espacio con las mujeres, a quienes les reconoci\u00f3 el potencial y el arduo rol que implica ser mujer en los \u00e1mbitos familiar, dom\u00e9stico y laboral. Asimismo, las felicit\u00f3 por su creatividad, inteligencia y talento art\u00edstico.<\/p>\n<p><a  href=\"https:\/\/enconecte.com\/wp-content\/uploads\/2023\/11\/Imagen-de-WhatsApp-2023-10-25-a-las-14.45.42_91f14e58.jpg\" data-rel=\"lightbox-gallery-0\" data-rl_title=\"\" data-rl_caption=\"\" title=\"\"><img loading=\"lazy\" decoding=\"async\" class=\"alignnone size-full wp-image-23280\" src=\"https:\/\/enconecte.com\/wp-content\/uploads\/2023\/11\/Imagen-de-WhatsApp-2023-10-25-a-las-14.45.42_91f14e58.jpg\" alt=\"\" width=\"1594\" height=\"1062\" srcset=\"https:\/\/enconecte.com\/wp-content\/uploads\/2023\/11\/Imagen-de-WhatsApp-2023-10-25-a-las-14.45.42_91f14e58.jpg 1594w, https:\/\/enconecte.com\/wp-content\/uploads\/2023\/11\/Imagen-de-WhatsApp-2023-10-25-a-las-14.45.42_91f14e58-300x200.jpg 300w, https:\/\/enconecte.com\/wp-content\/uploads\/2023\/11\/Imagen-de-WhatsApp-2023-10-25-a-las-14.45.42_91f14e58-1024x682.jpg 1024w, https:\/\/enconecte.com\/wp-content\/uploads\/2023\/11\/Imagen-de-WhatsApp-2023-10-25-a-las-14.45.42_91f14e58-768x512.jpg 768w, https:\/\/enconecte.com\/wp-content\/uploads\/2023\/11\/Imagen-de-WhatsApp-2023-10-25-a-las-14.45.42_91f14e58-1536x1023.jpg 1536w\" sizes=\"auto, (max-width: 1594px) 100vw, 1594px\" \/><\/a><\/p>\n<p>El mun\u00edcipe, acompa\u00f1ado de la titular del INMUJE y el Lic. David Josafat de la Torre Pinedo, director de Desarrollo Econ\u00f3mico, entregaron los reconocimientos del curso a la instructora, Mar\u00eda del Refugio N\u00fa\u00f1ez Ram\u00edrez, quien practica el oficio desde los 9 a\u00f1os, y a cada una de las participantes, que pudieron elaborar macetas, ollas, jarros, figuras de ornato para nacimientos y jardines e incluso\u00a0ajedreces.<\/p>\n","protected":false},"excerpt":{"rendered":"<p>El taller de &#8220;Elaboraci\u00f3n y dise\u00f1o de macetas&#8221; exclusivo para mujeres, que se realiz\u00f3 en el taller de alfarer\u00eda N\u00fa\u00f1ez, ubicado en la carretera a Santa Rita, concluy\u00f3 hoy con \u00e9xito. Al acto de clausura asistieron autoridades municipales y el grupo de mujeres que participaron en el curso, que fue gestionado y organizado por el [&hellip;]<\/p>\n","protected":false},"author":9,"featured_media":23281,"comment_status":"closed","ping_status":"closed","sticky":false,"template":"","format":"standard","meta":{"footnotes":""},"categories":[1370],"tags":[],"class_list":["post-23279","post","type-post","status-publish","format-standard","has-post-thumbnail","hentry","category-jerez"],"_links":{"self":[{"href":"https:\/\/enconecte.com\/index.php?rest_route=\/wp\/v2\/posts\/23279","targetHints":{"allow":["GET"]}}],"collection":[{"href":"https:\/\/enconecte.com\/index.php?rest_route=\/wp\/v2\/posts"}],"about":[{"href":"https:\/\/enconecte.com\/index.php?rest_route=\/wp\/v2\/types\/post"}],"author":[{"embeddable":true,"href":"https:\/\/enconecte.com\/index.php?rest_route=\/wp\/v2\/users\/9"}],"replies":[{"embeddable":true,"href":"https:\/\/enconecte.com\/index.php?rest_route=%2Fwp%2Fv2%2Fcomments&post=23279"}],"version-history":[{"count":0,"href":"https:\/\/enconecte.com\/index.php?rest_route=\/wp\/v2\/posts\/23279\/revisions"}],"wp:featuredmedia":[{"embeddable":true,"href":"https:\/\/enconecte.com\/index.php?rest_route=\/wp\/v2\/media\/23281"}],"wp:attachment":[{"href":"https:\/\/enconecte.com\/index.php?rest_route=%2Fwp%2Fv2%2Fmedia&parent=23279"}],"wp:term":[{"taxonomy":"category","embeddable":true,"href":"https:\/\/enconecte.com\/index.php?rest_route=%2Fwp%2Fv2%2Fcategories&post=23279"},{"taxonomy":"post_tag","embeddable":true,"href":"https:\/\/enconecte.com\/index.php?rest_route=%2Fwp%2Fv2%2Ftags&post=23279"}],"curies":[{"name":"wp","href":"https:\/\/api.w.org\/{rel}","templated":true}]}}