{"id":23277,"date":"2023-10-25T10:31:40","date_gmt":"2023-10-25T16:31:40","guid":{"rendered":"https:\/\/enconecte.com\/?p=23277"},"modified":"2023-11-07T10:32:19","modified_gmt":"2023-11-07T16:32:19","slug":"brinda-dif-jerez-apoyos-visuales-a-menores-vulnerables","status":"publish","type":"post","link":"https:\/\/enconecte.com\/?p=23277","title":{"rendered":"BRINDA DIF JEREZ APOYOS VISUALES A MENORES VULNERABLES"},"content":{"rendered":"<p>El DIF de Jerez, que dirige la presidenta honor\u00edfica Bertha Alicia Garc\u00eda, contin\u00faa ofreciendo a los sectores vulnerables apoyos y servicios en Oftalmolog\u00eda como donaciones, consultas gratuitas y aparatos a bajo costo.<\/p>\n<p>En ese sentido fueron beneficiados ocho ni\u00f1os con necesidades visuales especiales, gracias a la colaboraci\u00f3n con la empresa \u00d3ptica Proyecta y su titular Lorena Elizabeth Zamora Viramontes.<\/p>\n<p>J\u00f3venes, adultos y personas de la tercera edad y con discapacidad en situaci\u00f3n vulnerable, tambi\u00e9n acceden a este servicio que se brinda semana a semana como una oportunidad para la poblaci\u00f3n de cuidar su salud visual de forma accesible.<\/p>\n<p>La atenci\u00f3n se brinda cada viernes de 10:00 de la ma\u00f1ana a 3:00 de la tarde, con una amplia variedad de estilos en aparatos visuales\u00a0a\u00a0escoger.<\/p>\n","protected":false},"excerpt":{"rendered":"<p>El DIF de Jerez, que dirige la presidenta honor\u00edfica Bertha Alicia Garc\u00eda, contin\u00faa ofreciendo a los sectores vulnerables apoyos y servicios en Oftalmolog\u00eda como donaciones, consultas gratuitas y aparatos a bajo costo. En ese sentido fueron beneficiados ocho ni\u00f1os con necesidades visuales especiales, gracias a la colaboraci\u00f3n con la empresa \u00d3ptica Proyecta y su titular [&hellip;]<\/p>\n","protected":false},"author":9,"featured_media":23278,"comment_status":"closed","ping_status":"closed","sticky":false,"template":"","format":"standard","meta":{"footnotes":""},"categories":[1370],"tags":[],"class_list":["post-23277","post","type-post","status-publish","format-standard","has-post-thumbnail","hentry","category-jerez"],"_links":{"self":[{"href":"https:\/\/enconecte.com\/index.php?rest_route=\/wp\/v2\/posts\/23277","targetHints":{"allow":["GET"]}}],"collection":[{"href":"https:\/\/enconecte.com\/index.php?rest_route=\/wp\/v2\/posts"}],"about":[{"href":"https:\/\/enconecte.com\/index.php?rest_route=\/wp\/v2\/types\/post"}],"author":[{"embeddable":true,"href":"https:\/\/enconecte.com\/index.php?rest_route=\/wp\/v2\/users\/9"}],"replies":[{"embeddable":true,"href":"https:\/\/enconecte.com\/index.php?rest_route=%2Fwp%2Fv2%2Fcomments&post=23277"}],"version-history":[{"count":0,"href":"https:\/\/enconecte.com\/index.php?rest_route=\/wp\/v2\/posts\/23277\/revisions"}],"wp:featuredmedia":[{"embeddable":true,"href":"https:\/\/enconecte.com\/index.php?rest_route=\/wp\/v2\/media\/23278"}],"wp:attachment":[{"href":"https:\/\/enconecte.com\/index.php?rest_route=%2Fwp%2Fv2%2Fmedia&parent=23277"}],"wp:term":[{"taxonomy":"category","embeddable":true,"href":"https:\/\/enconecte.com\/index.php?rest_route=%2Fwp%2Fv2%2Fcategories&post=23277"},{"taxonomy":"post_tag","embeddable":true,"href":"https:\/\/enconecte.com\/index.php?rest_route=%2Fwp%2Fv2%2Ftags&post=23277"}],"curies":[{"name":"wp","href":"https:\/\/api.w.org\/{rel}","templated":true}]}}