{"id":23269,"date":"2023-10-24T10:28:01","date_gmt":"2023-10-24T16:28:01","guid":{"rendered":"https:\/\/enconecte.com\/?p=23269"},"modified":"2023-11-07T10:30:12","modified_gmt":"2023-11-07T16:30:12","slug":"nombramiento-de-nueva-directora-del-sistema-municipal-dif-de-jerez-y-encargado-del-departamento-de-atencion-ciudadana","status":"publish","type":"post","link":"https:\/\/enconecte.com\/?p=23269","title":{"rendered":"NOMBRAMIENTO DE NUEVA DIRECTORA DEL SISTEMA MUNICIPAL DIF DE JEREZ Y ENCARGADO DEL DEPARTAMENTO DE ATENCI\u00d3N CIUDADANA"},"content":{"rendered":"<p>El H. Ayuntamiento de Jerez se anuncia las designaciones de dos nuevos funcionarios para el Sistema Municipal para el Desarrollo Integral de la Familia (DIF) y el Departamento de Atenci\u00f3n Ciudadana. Estos nombramientos refuerzan el compromiso del gobierno local en brindar un servicio p\u00fablico de calidad y atender las necesidades de la comunidad jerezana.<\/p>\n<p>Roc\u00edo Azucena Ibarra Bautista ha sido nombrada como la nueva Directora del Sistema Municipal DIF. Ibarra Bautista asume este cargo con un fuerte compromiso de promover el bienestar de las familias jerezanas y fortalecer los programas de asistencia social, aplicando su experiencia a cargo de los Programas Alimentarios del SMDIF.<\/p>\n<p>Por su parte, Arturo Fern\u00e1ndez Gonz\u00e1lez ha sido nombrado como el nuevo Encargado del Departamento de Atenci\u00f3n Ciudadana. Fern\u00e1ndez Gonz\u00e1lez es un servidor p\u00fablico con una amplia trayectoria en el \u00e1mbito de la atenci\u00f3n ciudadana y ha demostrado su dedicaci\u00f3n en la resoluci\u00f3n de inquietudes y necesidades.<\/p>\n<p>El alcalde Humberto Salazar felicit\u00f3 a Roc\u00edo Azucena Ibarra Bautista y Arturo Fern\u00e1ndez Gonz\u00e1lez por sus nombramientos y conf\u00eda en que su labor contribuir\u00e1 significativamente al desarrollo y bienestar de nuestro\u00a0municipio.<\/p>\n<p><a  href=\"https:\/\/enconecte.com\/wp-content\/uploads\/2023\/11\/Imagen-de-WhatsApp-2023-10-24-a-las-17.14.27_113daf52.jpg\" data-rel=\"lightbox-gallery-0\" data-rl_title=\"\" data-rl_caption=\"\" title=\"\"><img loading=\"lazy\" decoding=\"async\" class=\"alignnone size-full wp-image-23273\" src=\"https:\/\/enconecte.com\/wp-content\/uploads\/2023\/11\/Imagen-de-WhatsApp-2023-10-24-a-las-17.14.27_113daf52.jpg\" alt=\"\" width=\"1200\" height=\"800\" srcset=\"https:\/\/enconecte.com\/wp-content\/uploads\/2023\/11\/Imagen-de-WhatsApp-2023-10-24-a-las-17.14.27_113daf52.jpg 1200w, https:\/\/enconecte.com\/wp-content\/uploads\/2023\/11\/Imagen-de-WhatsApp-2023-10-24-a-las-17.14.27_113daf52-300x200.jpg 300w, https:\/\/enconecte.com\/wp-content\/uploads\/2023\/11\/Imagen-de-WhatsApp-2023-10-24-a-las-17.14.27_113daf52-1024x683.jpg 1024w, https:\/\/enconecte.com\/wp-content\/uploads\/2023\/11\/Imagen-de-WhatsApp-2023-10-24-a-las-17.14.27_113daf52-768x512.jpg 768w\" sizes=\"auto, (max-width: 1200px) 100vw, 1200px\" \/><\/a><\/p>\n","protected":false},"excerpt":{"rendered":"<p>El H. Ayuntamiento de Jerez se anuncia las designaciones de dos nuevos funcionarios para el Sistema Municipal para el Desarrollo Integral de la Familia (DIF) y el Departamento de Atenci\u00f3n Ciudadana. Estos nombramientos refuerzan el compromiso del gobierno local en brindar un servicio p\u00fablico de calidad y atender las necesidades de la comunidad jerezana. Roc\u00edo [&hellip;]<\/p>\n","protected":false},"author":9,"featured_media":23272,"comment_status":"closed","ping_status":"closed","sticky":false,"template":"","format":"standard","meta":{"footnotes":""},"categories":[1370],"tags":[],"class_list":["post-23269","post","type-post","status-publish","format-standard","has-post-thumbnail","hentry","category-jerez"],"_links":{"self":[{"href":"https:\/\/enconecte.com\/index.php?rest_route=\/wp\/v2\/posts\/23269","targetHints":{"allow":["GET"]}}],"collection":[{"href":"https:\/\/enconecte.com\/index.php?rest_route=\/wp\/v2\/posts"}],"about":[{"href":"https:\/\/enconecte.com\/index.php?rest_route=\/wp\/v2\/types\/post"}],"author":[{"embeddable":true,"href":"https:\/\/enconecte.com\/index.php?rest_route=\/wp\/v2\/users\/9"}],"replies":[{"embeddable":true,"href":"https:\/\/enconecte.com\/index.php?rest_route=%2Fwp%2Fv2%2Fcomments&post=23269"}],"version-history":[{"count":0,"href":"https:\/\/enconecte.com\/index.php?rest_route=\/wp\/v2\/posts\/23269\/revisions"}],"wp:featuredmedia":[{"embeddable":true,"href":"https:\/\/enconecte.com\/index.php?rest_route=\/wp\/v2\/media\/23272"}],"wp:attachment":[{"href":"https:\/\/enconecte.com\/index.php?rest_route=%2Fwp%2Fv2%2Fmedia&parent=23269"}],"wp:term":[{"taxonomy":"category","embeddable":true,"href":"https:\/\/enconecte.com\/index.php?rest_route=%2Fwp%2Fv2%2Fcategories&post=23269"},{"taxonomy":"post_tag","embeddable":true,"href":"https:\/\/enconecte.com\/index.php?rest_route=%2Fwp%2Fv2%2Ftags&post=23269"}],"curies":[{"name":"wp","href":"https:\/\/api.w.org\/{rel}","templated":true}]}}