{"id":23264,"date":"2023-10-24T10:26:05","date_gmt":"2023-10-24T16:26:05","guid":{"rendered":"https:\/\/enconecte.com\/?p=23264"},"modified":"2023-11-07T10:27:38","modified_gmt":"2023-11-07T16:27:38","slug":"comerciantes-locales-tendran-prioridad-en-la-asignacion-de-espacios-de-venta-frente-a-los-panteones-de-jerez","status":"publish","type":"post","link":"https:\/\/enconecte.com\/?p=23264","title":{"rendered":"COMERCIANTES LOCALES TENDR\u00c1N PRIORIDAD EN LA ASIGNACI\u00d3N DE ESPACIOS DE VENTA FRENTE A LOS PANTEONES DE JEREZ"},"content":{"rendered":"<ul>\n<li>Dulceros jerezanos ofertan sus productos alrededor del mercado Benito Ju\u00e1rez<\/li>\n<li>Ya luce el inmueble la decoraci\u00f3n propia de esta temporada<\/li>\n<\/ul>\n<p>La administraci\u00f3n de Plazas y Mercados ha iniciado el proceso de ordenamiento para la ubicaci\u00f3n de los puestos que se instalan tradicionalmente en el exterior de los panteones. Como es habitual en la administraci\u00f3n que dirige el alcalde Jos\u00e9 Humberto Salazar Contreras, se dar\u00e1 prioridad a los comerciantes locales y, una vez asignados los espacios de los jerezanos, se distribuir\u00e1n los de los for\u00e1neos.<\/p>\n<p>El administrador del \u00e1rea, Manuel de Jes\u00fas Dorado Caldera, inform\u00f3 que se dispondr\u00e1n de 70 espacios en la calzada Jaime Nun\u00f3, frente a los panteones El Calvario y La Soledad, y otros 25 en la calle Porfirio D\u00edaz, junto al Pante\u00f3n Museo de Dolores. Estos puestos estar\u00e1n dedicados principalmente a la venta de flores, pero tambi\u00e9n habr\u00e1 oferta de alimentos y otros productos t\u00edpicos de esta temporada. Los puestos permanecer\u00e1n abiertos los d\u00edas 1 y 2 de noviembre.<\/p>\n<p><a  href=\"https:\/\/enconecte.com\/wp-content\/uploads\/2023\/11\/Imagen-de-WhatsApp-2023-10-24-a-las-14.21.56_0432fbac.jpg\" data-rel=\"lightbox-gallery-0\" data-rl_title=\"\" data-rl_caption=\"\" title=\"\"><img loading=\"lazy\" decoding=\"async\" class=\"alignnone size-full wp-image-23265\" src=\"https:\/\/enconecte.com\/wp-content\/uploads\/2023\/11\/Imagen-de-WhatsApp-2023-10-24-a-las-14.21.56_0432fbac.jpg\" alt=\"\" width=\"1599\" height=\"1066\" srcset=\"https:\/\/enconecte.com\/wp-content\/uploads\/2023\/11\/Imagen-de-WhatsApp-2023-10-24-a-las-14.21.56_0432fbac.jpg 1599w, https:\/\/enconecte.com\/wp-content\/uploads\/2023\/11\/Imagen-de-WhatsApp-2023-10-24-a-las-14.21.56_0432fbac-300x200.jpg 300w, https:\/\/enconecte.com\/wp-content\/uploads\/2023\/11\/Imagen-de-WhatsApp-2023-10-24-a-las-14.21.56_0432fbac-1024x683.jpg 1024w, https:\/\/enconecte.com\/wp-content\/uploads\/2023\/11\/Imagen-de-WhatsApp-2023-10-24-a-las-14.21.56_0432fbac-768x512.jpg 768w, https:\/\/enconecte.com\/wp-content\/uploads\/2023\/11\/Imagen-de-WhatsApp-2023-10-24-a-las-14.21.56_0432fbac-1536x1024.jpg 1536w\" sizes=\"auto, (max-width: 1599px) 100vw, 1599px\" \/><\/a><\/p>\n<p>Asimismo, se indic\u00f3 que en los portales del mercado se instalaron desde el pasado domingo puestos de dulces tradicionales de estas fechas, elaborados en su mayor\u00eda de forma artesanal por dulceros jerezanos que conservan esta tradici\u00f3n durante la celebraci\u00f3n.<\/p>\n<p>Estos puestos estar\u00e1n disponibles hasta el d\u00eda de difuntos. En coordinaci\u00f3n con la Uni\u00f3n de Locatarios, la administraci\u00f3n del mercado realiz\u00f3 la decoraci\u00f3n exterior del edificio con motivos alusivos a la festividad del D\u00eda de Muertos, que puede ser admirada por la ciudadan\u00eda al pasar por el lugar o acudir a hacer\u00a0sus\u00a0compras.<\/p>\n","protected":false},"excerpt":{"rendered":"<p>Dulceros jerezanos ofertan sus productos alrededor del mercado Benito Ju\u00e1rez Ya luce el inmueble la decoraci\u00f3n propia de esta temporada La administraci\u00f3n de Plazas y Mercados ha iniciado el proceso de ordenamiento para la ubicaci\u00f3n de los puestos que se instalan tradicionalmente en el exterior de los panteones. Como es habitual en la administraci\u00f3n que [&hellip;]<\/p>\n","protected":false},"author":9,"featured_media":23266,"comment_status":"closed","ping_status":"closed","sticky":false,"template":"","format":"standard","meta":{"footnotes":""},"categories":[1370],"tags":[],"class_list":["post-23264","post","type-post","status-publish","format-standard","has-post-thumbnail","hentry","category-jerez"],"_links":{"self":[{"href":"https:\/\/enconecte.com\/index.php?rest_route=\/wp\/v2\/posts\/23264","targetHints":{"allow":["GET"]}}],"collection":[{"href":"https:\/\/enconecte.com\/index.php?rest_route=\/wp\/v2\/posts"}],"about":[{"href":"https:\/\/enconecte.com\/index.php?rest_route=\/wp\/v2\/types\/post"}],"author":[{"embeddable":true,"href":"https:\/\/enconecte.com\/index.php?rest_route=\/wp\/v2\/users\/9"}],"replies":[{"embeddable":true,"href":"https:\/\/enconecte.com\/index.php?rest_route=%2Fwp%2Fv2%2Fcomments&post=23264"}],"version-history":[{"count":0,"href":"https:\/\/enconecte.com\/index.php?rest_route=\/wp\/v2\/posts\/23264\/revisions"}],"wp:featuredmedia":[{"embeddable":true,"href":"https:\/\/enconecte.com\/index.php?rest_route=\/wp\/v2\/media\/23266"}],"wp:attachment":[{"href":"https:\/\/enconecte.com\/index.php?rest_route=%2Fwp%2Fv2%2Fmedia&parent=23264"}],"wp:term":[{"taxonomy":"category","embeddable":true,"href":"https:\/\/enconecte.com\/index.php?rest_route=%2Fwp%2Fv2%2Fcategories&post=23264"},{"taxonomy":"post_tag","embeddable":true,"href":"https:\/\/enconecte.com\/index.php?rest_route=%2Fwp%2Fv2%2Ftags&post=23264"}],"curies":[{"name":"wp","href":"https:\/\/api.w.org\/{rel}","templated":true}]}}