{"id":23243,"date":"2023-10-19T10:18:34","date_gmt":"2023-10-19T16:18:34","guid":{"rendered":"https:\/\/enconecte.com\/?p=23243"},"modified":"2023-11-07T10:19:55","modified_gmt":"2023-11-07T16:19:55","slug":"realizan-en-jerez-marcha-rosa-por-el-dia-internacional-de-la-lucha-contra-el-cancer-de-mama","status":"publish","type":"post","link":"https:\/\/enconecte.com\/?p=23243","title":{"rendered":"REALIZAN EN JEREZ MARCHA ROSA POR EL D\u00cdA INTERNACIONAL DE LA LUCHA CONTRA EL C\u00c1NCER DE MAMA"},"content":{"rendered":"<p>La emotiva marcha se llev\u00f3 a cabo para honrar la memoria de quienes ya no est\u00e1n con nosotros y fueron v\u00edctimas de una enfermedad que cobra vidas en todo el mundo: el c\u00e1ncer. Esta enfermedad puede disminuir su impacto con una prevenci\u00f3n adecuada.<\/p>\n<p>La marcha comenz\u00f3 en la glorieta Francisco Garc\u00eda Salinas en Jerez y continu\u00f3 por la calle del Hospicio, finalizando en la Presidencia Municipal con la iluminaci\u00f3n del edificio en colores rosados y la liberaci\u00f3n de globos del mismo tono al cielo. En el contingente participaron cerca de 250 personas, acompa\u00f1adas por un grupo de motociclistas jerezanos. El evento fue organizado por el Instituto de la Mujer Jerezana (INMUJE), una dependencia de la administraci\u00f3n municipal 2021-2024, en coordinaci\u00f3n con el Centro de Salud de Jerez (CSJ) y el Hospital General de Jerez (HGJ). Tambi\u00e9n cont\u00f3 con el apoyo de motociclistas residentes de Jerez.<\/p>\n<p>La Sra. Bertha Alicia Garc\u00eda Duarte, presidenta honor\u00edfica del DIF, explic\u00f3 que la marcha en silencio se realiz\u00f3 en memoria de aquellos que perdieron la batalla contra el c\u00e1ncer y que la concienciaci\u00f3n sobre esta enfermedad debe ser constante a lo largo del a\u00f1o, no solo el 19 de octubre. Luego, el Dr. Jos\u00e9 Humberto Salazar Contreras, alcalde de Jerez, destac\u00f3 que esta problem\u00e1tica de salud p\u00fablica conlleva a una mala calidad de vida y una vida m\u00e1s corta. Tambi\u00e9n mencion\u00f3 la importancia de tomar medidas de prevenci\u00f3n y reafirm\u00f3 el compromiso de las autoridades municipales y de salud para reducir las cifras de esta enfermedad en Jerez.<\/p>\n<p><a  href=\"https:\/\/enconecte.com\/wp-content\/uploads\/2023\/11\/Imagen-de-WhatsApp-2023-10-19-a-las-21.43.15_65767f1f.jpg\" data-rel=\"lightbox-gallery-0\" data-rl_title=\"\" data-rl_caption=\"\" title=\"\"><img loading=\"lazy\" decoding=\"async\" class=\"alignnone size-full wp-image-23246\" src=\"https:\/\/enconecte.com\/wp-content\/uploads\/2023\/11\/Imagen-de-WhatsApp-2023-10-19-a-las-21.43.15_65767f1f.jpg\" alt=\"\" width=\"1200\" height=\"800\" srcset=\"https:\/\/enconecte.com\/wp-content\/uploads\/2023\/11\/Imagen-de-WhatsApp-2023-10-19-a-las-21.43.15_65767f1f.jpg 1200w, https:\/\/enconecte.com\/wp-content\/uploads\/2023\/11\/Imagen-de-WhatsApp-2023-10-19-a-las-21.43.15_65767f1f-300x200.jpg 300w, https:\/\/enconecte.com\/wp-content\/uploads\/2023\/11\/Imagen-de-WhatsApp-2023-10-19-a-las-21.43.15_65767f1f-1024x683.jpg 1024w, https:\/\/enconecte.com\/wp-content\/uploads\/2023\/11\/Imagen-de-WhatsApp-2023-10-19-a-las-21.43.15_65767f1f-768x512.jpg 768w\" sizes=\"auto, (max-width: 1200px) 100vw, 1200px\" \/><\/a><\/p>\n<p>Se realiz\u00f3 un simb\u00f3lico encendido de la iluminaci\u00f3n esc\u00e9nica de la Presidencia Municipal, y se soltaron globos de helio de color rosa. En el evento estuvieron presentes la Mtra. Teresiana Casas, directora del INMUJE, el Lic. Hugo Ram\u00edrez, secretario de Gobierno, la Dra. Luz Elena Silva, directora del CSJ, y el Lic. David Josafat de la Torre, director de Desarrollo\u00a0Econ\u00f3mico.<\/p>\n","protected":false},"excerpt":{"rendered":"<p>La emotiva marcha se llev\u00f3 a cabo para honrar la memoria de quienes ya no est\u00e1n con nosotros y fueron v\u00edctimas de una enfermedad que cobra vidas en todo el mundo: el c\u00e1ncer. Esta enfermedad puede disminuir su impacto con una prevenci\u00f3n adecuada. La marcha comenz\u00f3 en la glorieta Francisco Garc\u00eda Salinas en Jerez y [&hellip;]<\/p>\n","protected":false},"author":9,"featured_media":23244,"comment_status":"closed","ping_status":"closed","sticky":false,"template":"","format":"standard","meta":{"footnotes":""},"categories":[1370],"tags":[],"class_list":["post-23243","post","type-post","status-publish","format-standard","has-post-thumbnail","hentry","category-jerez"],"_links":{"self":[{"href":"https:\/\/enconecte.com\/index.php?rest_route=\/wp\/v2\/posts\/23243","targetHints":{"allow":["GET"]}}],"collection":[{"href":"https:\/\/enconecte.com\/index.php?rest_route=\/wp\/v2\/posts"}],"about":[{"href":"https:\/\/enconecte.com\/index.php?rest_route=\/wp\/v2\/types\/post"}],"author":[{"embeddable":true,"href":"https:\/\/enconecte.com\/index.php?rest_route=\/wp\/v2\/users\/9"}],"replies":[{"embeddable":true,"href":"https:\/\/enconecte.com\/index.php?rest_route=%2Fwp%2Fv2%2Fcomments&post=23243"}],"version-history":[{"count":0,"href":"https:\/\/enconecte.com\/index.php?rest_route=\/wp\/v2\/posts\/23243\/revisions"}],"wp:featuredmedia":[{"embeddable":true,"href":"https:\/\/enconecte.com\/index.php?rest_route=\/wp\/v2\/media\/23244"}],"wp:attachment":[{"href":"https:\/\/enconecte.com\/index.php?rest_route=%2Fwp%2Fv2%2Fmedia&parent=23243"}],"wp:term":[{"taxonomy":"category","embeddable":true,"href":"https:\/\/enconecte.com\/index.php?rest_route=%2Fwp%2Fv2%2Fcategories&post=23243"},{"taxonomy":"post_tag","embeddable":true,"href":"https:\/\/enconecte.com\/index.php?rest_route=%2Fwp%2Fv2%2Ftags&post=23243"}],"curies":[{"name":"wp","href":"https:\/\/api.w.org\/{rel}","templated":true}]}}