{"id":23238,"date":"2023-10-19T10:16:42","date_gmt":"2023-10-19T16:16:42","guid":{"rendered":"https:\/\/enconecte.com\/?p=23238"},"modified":"2023-11-07T10:17:46","modified_gmt":"2023-11-07T16:17:46","slug":"conmemoran-el-dia-mundial-de-la-lucha-contra-el-cancer-de-mama-en-jerez","status":"publish","type":"post","link":"https:\/\/enconecte.com\/?p=23238","title":{"rendered":"CONMEMORAN EL D\u00cdA MUNDIAL DE LA LUCHA CONTRA EL C\u00c1NCER DE MAMA EN JEREZ"},"content":{"rendered":"<p>En el marco del D\u00eda Mundial de la Lucha contra el C\u00e1ncer de Mama, se llev\u00f3 a cabo una ceremonia en el patio principal del Hospital General de Jerez (HGJ), con la participaci\u00f3n de autoridades municipales y de salud. En este evento, se encendi\u00f3 el tradicional cirio y se colocaron mo\u00f1os rosas, como s\u00edmbolos de compromiso, esperanza y solidaridad con las mujeres que enfrentan esta enfermedad.<\/p>\n<p>En representaci\u00f3n del gobierno municipal 2021-2024, estuvieron presentes la presidenta honor\u00edfica del Sistema Municipal para el Desarrollo Integral de las Familias (SMDIF), la Sra. Bertha Alicia Garc\u00eda Duarte, y la directora del Instituto de la Mujer Jerezana (INMUJE), la Mtra. Teresina Casas Castro. Por parte del sector salud, asistieron el director del HGJ, el Dr. V\u00edctor D\u00edaz Mu\u00f1oz, la jefa del servicio de mastograf\u00eda, la Dra. Valentina Borja Rodr\u00edguez, el subdirector m\u00e9dico, el Dr. Edgar Guerrero \u00c1vila, y la jefa de urgencias, la Dra. Ma. Teresa Ortiz.<\/p>\n<p>La Dra. Borja Rodr\u00edguez explic\u00f3 que el objetivo de este d\u00eda es concientizar sobre la importancia de la prevenci\u00f3n del c\u00e1ncer de mama, que es la primera causa de muerte en mujeres. La Sra. Garc\u00eda Duarte se\u00f1al\u00f3 que el list\u00f3n rosa representa la fortaleza y la solidaridad de quienes luchan contra esta enfermedad, y que el mundo se une a ellas en este d\u00eda. La Mtra. Casas Castro enfatiz\u00f3 que la prevenci\u00f3n es la clave para reducir las cifras alarmantes de este c\u00e1ncer. Despu\u00e9s de encender el cirio y colocar los mo\u00f1os rosas, se agradeci\u00f3 a los asistentes por su apoyo y se invit\u00f3 a las mujeres a realizarse chequeos\u00a0peri\u00f3dicos.<\/p>\n<p><a  href=\"https:\/\/enconecte.com\/wp-content\/uploads\/2023\/11\/Imagen-de-WhatsApp-2023-10-19-a-las-12.54.54_6b07ca68.jpg\" data-rel=\"lightbox-gallery-0\" data-rl_title=\"\" data-rl_caption=\"\" title=\"\"><img loading=\"lazy\" decoding=\"async\" class=\"alignnone size-full wp-image-23241\" src=\"https:\/\/enconecte.com\/wp-content\/uploads\/2023\/11\/Imagen-de-WhatsApp-2023-10-19-a-las-12.54.54_6b07ca68.jpg\" alt=\"\" width=\"1280\" height=\"853\" srcset=\"https:\/\/enconecte.com\/wp-content\/uploads\/2023\/11\/Imagen-de-WhatsApp-2023-10-19-a-las-12.54.54_6b07ca68.jpg 1280w, https:\/\/enconecte.com\/wp-content\/uploads\/2023\/11\/Imagen-de-WhatsApp-2023-10-19-a-las-12.54.54_6b07ca68-300x200.jpg 300w, https:\/\/enconecte.com\/wp-content\/uploads\/2023\/11\/Imagen-de-WhatsApp-2023-10-19-a-las-12.54.54_6b07ca68-1024x682.jpg 1024w, https:\/\/enconecte.com\/wp-content\/uploads\/2023\/11\/Imagen-de-WhatsApp-2023-10-19-a-las-12.54.54_6b07ca68-768x512.jpg 768w\" sizes=\"auto, (max-width: 1280px) 100vw, 1280px\" \/><\/a><\/p>\n","protected":false},"excerpt":{"rendered":"<p>En el marco del D\u00eda Mundial de la Lucha contra el C\u00e1ncer de Mama, se llev\u00f3 a cabo una ceremonia en el patio principal del Hospital General de Jerez (HGJ), con la participaci\u00f3n de autoridades municipales y de salud. En este evento, se encendi\u00f3 el tradicional cirio y se colocaron mo\u00f1os rosas, como s\u00edmbolos de [&hellip;]<\/p>\n","protected":false},"author":9,"featured_media":23240,"comment_status":"closed","ping_status":"closed","sticky":false,"template":"","format":"standard","meta":{"footnotes":""},"categories":[1370],"tags":[],"class_list":["post-23238","post","type-post","status-publish","format-standard","has-post-thumbnail","hentry","category-jerez"],"_links":{"self":[{"href":"https:\/\/enconecte.com\/index.php?rest_route=\/wp\/v2\/posts\/23238","targetHints":{"allow":["GET"]}}],"collection":[{"href":"https:\/\/enconecte.com\/index.php?rest_route=\/wp\/v2\/posts"}],"about":[{"href":"https:\/\/enconecte.com\/index.php?rest_route=\/wp\/v2\/types\/post"}],"author":[{"embeddable":true,"href":"https:\/\/enconecte.com\/index.php?rest_route=\/wp\/v2\/users\/9"}],"replies":[{"embeddable":true,"href":"https:\/\/enconecte.com\/index.php?rest_route=%2Fwp%2Fv2%2Fcomments&post=23238"}],"version-history":[{"count":0,"href":"https:\/\/enconecte.com\/index.php?rest_route=\/wp\/v2\/posts\/23238\/revisions"}],"wp:featuredmedia":[{"embeddable":true,"href":"https:\/\/enconecte.com\/index.php?rest_route=\/wp\/v2\/media\/23240"}],"wp:attachment":[{"href":"https:\/\/enconecte.com\/index.php?rest_route=%2Fwp%2Fv2%2Fmedia&parent=23238"}],"wp:term":[{"taxonomy":"category","embeddable":true,"href":"https:\/\/enconecte.com\/index.php?rest_route=%2Fwp%2Fv2%2Fcategories&post=23238"},{"taxonomy":"post_tag","embeddable":true,"href":"https:\/\/enconecte.com\/index.php?rest_route=%2Fwp%2Fv2%2Ftags&post=23238"}],"curies":[{"name":"wp","href":"https:\/\/api.w.org\/{rel}","templated":true}]}}