{"id":23233,"date":"2023-10-18T10:15:27","date_gmt":"2023-10-18T16:15:27","guid":{"rendered":"https:\/\/enconecte.com\/?p=23233"},"modified":"2023-11-07T10:16:49","modified_gmt":"2023-11-07T16:16:49","slug":"realiza-gobierno-municipal-conversatorio-sobre-cancer-de-mama-en-jerez","status":"publish","type":"post","link":"https:\/\/enconecte.com\/?p=23233","title":{"rendered":"REALIZA GOBIERNO MUNICIPAL CONVERSATORIO SOBRE C\u00c1NCER DE MAMA EN JEREZ"},"content":{"rendered":"<p>En el marco del Mes Rosa y con el fin de sensibilizar y prevenir esta enfermedad, se organiz\u00f3 un conversatorio en el foyer del Teatro Hinojosa de Jerez, con la participaci\u00f3n de expertos en el tema y testimonios. En este evento se resalt\u00f3 la importancia de la prevenci\u00f3n y la detecci\u00f3n temprana, ya que nadie est\u00e1 exento de su relevancia. Cada 19 de octubre se celebra el D\u00eda Internacional de la Lucha contra el C\u00e1ncer de Mama, y en este contexto, la administraci\u00f3n 2021-2024, a trav\u00e9s del Instituto de la Mujer Jerezana (INMUJE), llev\u00f3 a cabo esta actividad.<\/p>\n<p>El Dr. Jos\u00e9 Humberto Salazar Contreras, alcalde de Jerez, al dar inicio al evento, explic\u00f3 que este problema de salud p\u00fablica es uno de los c\u00e1nceres m\u00e1s comunes en las mujeres, pero tambi\u00e9n mencion\u00f3 que afecta a los hombres. Resalt\u00f3 adem\u00e1s la importancia de la autoexploraci\u00f3n para lograr una detecci\u00f3n temprana. En el mismo evento, la Mtra. Teresina Casas Castro agradeci\u00f3 el apoyo continuo proporcionado al INMUJE por parte del municipio y de quienes se sumaron a conmemorar el Mes Rosa. Invit\u00f3 a los asistentes a aplicar los conocimientos de los ponentes para crear conciencia y cuidarse.<\/p>\n<p><a  href=\"https:\/\/enconecte.com\/wp-content\/uploads\/2023\/11\/Imagen-de-WhatsApp-2023-10-18-a-las-13.26.12_11e682ae.jpg\" data-rel=\"lightbox-gallery-0\" data-rl_title=\"\" data-rl_caption=\"\" title=\"\"><img loading=\"lazy\" decoding=\"async\" class=\"alignnone size-full wp-image-23236\" src=\"https:\/\/enconecte.com\/wp-content\/uploads\/2023\/11\/Imagen-de-WhatsApp-2023-10-18-a-las-13.26.12_11e682ae.jpg\" alt=\"\" width=\"1599\" height=\"1066\" srcset=\"https:\/\/enconecte.com\/wp-content\/uploads\/2023\/11\/Imagen-de-WhatsApp-2023-10-18-a-las-13.26.12_11e682ae.jpg 1599w, https:\/\/enconecte.com\/wp-content\/uploads\/2023\/11\/Imagen-de-WhatsApp-2023-10-18-a-las-13.26.12_11e682ae-300x200.jpg 300w, https:\/\/enconecte.com\/wp-content\/uploads\/2023\/11\/Imagen-de-WhatsApp-2023-10-18-a-las-13.26.12_11e682ae-1024x683.jpg 1024w, https:\/\/enconecte.com\/wp-content\/uploads\/2023\/11\/Imagen-de-WhatsApp-2023-10-18-a-las-13.26.12_11e682ae-768x512.jpg 768w, https:\/\/enconecte.com\/wp-content\/uploads\/2023\/11\/Imagen-de-WhatsApp-2023-10-18-a-las-13.26.12_11e682ae-1536x1024.jpg 1536w\" sizes=\"auto, (max-width: 1599px) 100vw, 1599px\" \/><\/a><\/p>\n<p>La primera ponencia estuvo a cargo del Dr. Salvador Mauricio Cabral, ginec\u00f3logo y experto en el tema, quien explic\u00f3 que la mayor\u00eda de los casos de c\u00e1ncer de mama se diagnostican en etapas avanzadas. Tambi\u00e9n expuso factores de riesgo, m\u00e9todos profil\u00e1cticos y de prevenci\u00f3n, as\u00ed como las formas adecuadas de autoexploraci\u00f3n. Posteriormente, la Dra. Nancy Garc\u00eda Alague, m\u00e9dica, tanat\u00f3loga y terapeuta holista, habl\u00f3 sobre la importancia de la salud mental durante procesos dif\u00edciles y los procesos de duelo y sufrimiento psicol\u00f3gico. Durante el conversatorio, Elizabeth Mart\u00ednez S\u00e1nchez comparti\u00f3 su testimonio de manera emotiva y alent\u00f3 a otras mujeres a valorar la vida y prevenir.En el evento estuvo presente la Sra. Bertha Alicia Garc\u00eda, presidenta honoraria del DIF municipal, y al finalizar se entregaron reconocimientos a los\u00a0participantes.<\/p>\n","protected":false},"excerpt":{"rendered":"<p>En el marco del Mes Rosa y con el fin de sensibilizar y prevenir esta enfermedad, se organiz\u00f3 un conversatorio en el foyer del Teatro Hinojosa de Jerez, con la participaci\u00f3n de expertos en el tema y testimonios. En este evento se resalt\u00f3 la importancia de la prevenci\u00f3n y la detecci\u00f3n temprana, ya que nadie [&hellip;]<\/p>\n","protected":false},"author":9,"featured_media":23237,"comment_status":"closed","ping_status":"closed","sticky":false,"template":"","format":"standard","meta":{"footnotes":""},"categories":[1370],"tags":[],"class_list":["post-23233","post","type-post","status-publish","format-standard","has-post-thumbnail","hentry","category-jerez"],"_links":{"self":[{"href":"https:\/\/enconecte.com\/index.php?rest_route=\/wp\/v2\/posts\/23233","targetHints":{"allow":["GET"]}}],"collection":[{"href":"https:\/\/enconecte.com\/index.php?rest_route=\/wp\/v2\/posts"}],"about":[{"href":"https:\/\/enconecte.com\/index.php?rest_route=\/wp\/v2\/types\/post"}],"author":[{"embeddable":true,"href":"https:\/\/enconecte.com\/index.php?rest_route=\/wp\/v2\/users\/9"}],"replies":[{"embeddable":true,"href":"https:\/\/enconecte.com\/index.php?rest_route=%2Fwp%2Fv2%2Fcomments&post=23233"}],"version-history":[{"count":0,"href":"https:\/\/enconecte.com\/index.php?rest_route=\/wp\/v2\/posts\/23233\/revisions"}],"wp:featuredmedia":[{"embeddable":true,"href":"https:\/\/enconecte.com\/index.php?rest_route=\/wp\/v2\/media\/23237"}],"wp:attachment":[{"href":"https:\/\/enconecte.com\/index.php?rest_route=%2Fwp%2Fv2%2Fmedia&parent=23233"}],"wp:term":[{"taxonomy":"category","embeddable":true,"href":"https:\/\/enconecte.com\/index.php?rest_route=%2Fwp%2Fv2%2Fcategories&post=23233"},{"taxonomy":"post_tag","embeddable":true,"href":"https:\/\/enconecte.com\/index.php?rest_route=%2Fwp%2Fv2%2Ftags&post=23233"}],"curies":[{"name":"wp","href":"https:\/\/api.w.org\/{rel}","templated":true}]}}