{"id":23232,"date":"2023-10-18T10:15:23","date_gmt":"2023-10-18T16:15:23","guid":{"rendered":"https:\/\/enconecte.com\/?p=23232"},"modified":"2023-11-07T10:16:05","modified_gmt":"2023-11-07T16:16:05","slug":"presento-el-doctor-salazar-el-programa-del-festival-jerezano-hasta-los-huesos","status":"publish","type":"post","link":"https:\/\/enconecte.com\/?p=23232","title":{"rendered":"PRESENT\u00d3 EL DOCTOR SALAZAR EL PROGRAMA DEL FESTIVAL \u201cJEREZANO HASTA LOS HUESOS\u201d"},"content":{"rendered":"<ul>\n<li>Plazas y callejones se vestir\u00e1n de fiesta con m\u00fasica, teatro, cine, cuentacuentos, altares, catrinas y alebrijes; habr\u00e1 concursos con atractivos premios<\/li>\n<\/ul>\n<p>Del 29 de octubre al 2 de noviembre, se llevar\u00e1 a cabo el Festival &#8220;Jerezano Hasta los Huesos&#8221;, que presentar\u00e1 una serie de actividades culturales y tradicionales, as\u00ed como concursos con la tem\u00e1tica del D\u00eda de Muertos. El evento se celebrar\u00e1 en diversos escenarios del centro de la ciudad, seg\u00fan lo dio a conocer el alcalde Jos\u00e9 Humberto Salazar Contreras durante la presentaci\u00f3n del programa que se realiz\u00f3 en el exterior del Museo Pante\u00f3n de Dolores.<\/p>\n<p>Durante el evento, el doctor Salazar afirm\u00f3 que a trav\u00e9s de estas tradiciones se construye la unidad y el orgullo que caracteriza a esta hermosa ciudad. Afirm\u00f3 que esta fiesta representa la esencia misma de nuestra identidad, ra\u00edces y memoria, adem\u00e1s de ser un tributo a la rica herencia y una oportunidad para compartir con el mundo lo que hace de Jerez un lugar especial en el coraz\u00f3n de M\u00e9xico.<\/p>\n<p>La presentaci\u00f3n estuvo encabezada adem\u00e1s por la presidenta honor\u00edfica del DIF, Bertha Alicia Garc\u00eda Duarte; el director de Desarrollo Econ\u00f3mico y Social, David Josafat de la Torre Pinedo; y los titulares de Educaci\u00f3n, Mar\u00eda Esther Ibarra Guzm\u00e1n; Turismo, Francisco Serrano Miranda; y del Instituto Jerezano de Cultura (IJC), V\u00edctor Hugo Hu\u00edzar Iturriaga.<\/p>\n<p>Luego de presentarse las convocatorias para los concursos de Altares de Muertos, Calaveras literarias, Disfraces, as\u00ed como la elaboraci\u00f3n de catrinas y alebrijes, se dio a conocer el video oficial del evento, en el que Plazas y Callejones ser\u00e1n el escenario viviente para contemplar altares y exposiciones.<\/p>\n<p>El programa inicia el 29 de octubre con el concierto &#8220;Canto a la Luna&#8221; de los talleres del IJC a las 18:00 horas en el Teatro Hinojosa. A las 19:30, habr\u00e1 un espect\u00e1culo de Cuentacuentos desde el Kiosco del Jard\u00edn, y posteriormente, en el mismo escenario, la actuaci\u00f3n de la Rondalla Nostalgia Jerezana. El lunes 30, a partir de las 17:00 horas, se celebrar\u00e1 el concurso de fotograf\u00eda en el Jard\u00edn Hidalgo; la presentaci\u00f3n editorial &#8220;Sempiterno&#8221; en el vest\u00edbulo del Teatro Hinojosa; el concurso de Calaveras a las 19:00 horas en el interior del teatro y contin\u00faan los Cuentacuentos, ahora en el espacio abierto del Jard\u00edn Hidalgo.<\/p>\n<p><a  href=\"https:\/\/enconecte.com\/wp-content\/uploads\/2023\/11\/Imagen-de-WhatsApp-2023-10-18-a-las-09.39.20_17c35c0e.jpg\" data-rel=\"lightbox-gallery-0\" data-rl_title=\"\" data-rl_caption=\"\" title=\"\"><img loading=\"lazy\" decoding=\"async\" class=\"alignnone size-full wp-image-23234\" src=\"https:\/\/enconecte.com\/wp-content\/uploads\/2023\/11\/Imagen-de-WhatsApp-2023-10-18-a-las-09.39.20_17c35c0e.jpg\" alt=\"\" width=\"1200\" height=\"800\" srcset=\"https:\/\/enconecte.com\/wp-content\/uploads\/2023\/11\/Imagen-de-WhatsApp-2023-10-18-a-las-09.39.20_17c35c0e.jpg 1200w, https:\/\/enconecte.com\/wp-content\/uploads\/2023\/11\/Imagen-de-WhatsApp-2023-10-18-a-las-09.39.20_17c35c0e-300x200.jpg 300w, https:\/\/enconecte.com\/wp-content\/uploads\/2023\/11\/Imagen-de-WhatsApp-2023-10-18-a-las-09.39.20_17c35c0e-1024x683.jpg 1024w, https:\/\/enconecte.com\/wp-content\/uploads\/2023\/11\/Imagen-de-WhatsApp-2023-10-18-a-las-09.39.20_17c35c0e-768x512.jpg 768w\" sizes=\"auto, (max-width: 1200px) 100vw, 1200px\" \/><\/a><\/p>\n<p>El martes 30 inician las actividades con el concurso de altares y alebrijes en la Plaza Tacuba, y a las 18:30 se verificar\u00e1 el homenaje p\u00f3stumo al maestro cubano Pedro Puig Mac\u00edas, a cargo de la Orquesta Sinf\u00f3nica Juvenil. Simult\u00e1neamente, habr\u00e1 otra sesi\u00f3n de Cuentacuentos en la Plaza Tacuba, donde se verificar\u00e1 una noche de cine con la proyecci\u00f3n de cortometrajes &#8220;Oremos, oremos, el muerto queremos&#8221; y, en recuerdo al actor Ignacio L\u00f3pez Tarzo, su pel\u00edcula &#8220;Macario&#8221;, a color.<\/p>\n<p>El d\u00eda de mayor actividad ser\u00e1 el 1 de noviembre, comenzando a las 17:00 horas con el concierto &#8220;Fandango de los Talleres del IJC&#8221; en el Teatro Hinojosa. A las 18:30, tendr\u00e1 lugar el tradicional desfile f\u00fanebre que parte de la Glorieta hasta el Casino Jerez, y durante el trayecto se evaluar\u00e1n los carros aleg\u00f3ricos. A las 19:00 horas, se llevar\u00e1 a cabo el espect\u00e1culo de Cuentacuentos y la entrega de dulces a los ni\u00f1os en la Plaza Tacuba; ah\u00ed mismo se realizar\u00e1 la premiaci\u00f3n de los diversos concursos, concluyendo con el concierto de la banda folk celta Stare Bardi.<\/p>\n<p>El jueves 2 de noviembre a las 18:00 horas, ser\u00e1 la \u00faltima sesi\u00f3n de cuentacuentos, y las actividades concluir\u00e1n con la obra de teatro &#8220;Parca Dictum&#8221; a las 19:00 horas en la\u00a0Plaza\u00a0Tacuba.<\/p>\n","protected":false},"excerpt":{"rendered":"<p>Plazas y callejones se vestir\u00e1n de fiesta con m\u00fasica, teatro, cine, cuentacuentos, altares, catrinas y alebrijes; habr\u00e1 concursos con atractivos premios Del 29 de octubre al 2 de noviembre, se llevar\u00e1 a cabo el Festival &#8220;Jerezano Hasta los Huesos&#8221;, que presentar\u00e1 una serie de actividades culturales y tradicionales, as\u00ed como concursos con la tem\u00e1tica del [&hellip;]<\/p>\n","protected":false},"author":9,"featured_media":23235,"comment_status":"closed","ping_status":"closed","sticky":false,"template":"","format":"standard","meta":{"footnotes":""},"categories":[1370],"tags":[],"class_list":["post-23232","post","type-post","status-publish","format-standard","has-post-thumbnail","hentry","category-jerez"],"_links":{"self":[{"href":"https:\/\/enconecte.com\/index.php?rest_route=\/wp\/v2\/posts\/23232","targetHints":{"allow":["GET"]}}],"collection":[{"href":"https:\/\/enconecte.com\/index.php?rest_route=\/wp\/v2\/posts"}],"about":[{"href":"https:\/\/enconecte.com\/index.php?rest_route=\/wp\/v2\/types\/post"}],"author":[{"embeddable":true,"href":"https:\/\/enconecte.com\/index.php?rest_route=\/wp\/v2\/users\/9"}],"replies":[{"embeddable":true,"href":"https:\/\/enconecte.com\/index.php?rest_route=%2Fwp%2Fv2%2Fcomments&post=23232"}],"version-history":[{"count":0,"href":"https:\/\/enconecte.com\/index.php?rest_route=\/wp\/v2\/posts\/23232\/revisions"}],"wp:featuredmedia":[{"embeddable":true,"href":"https:\/\/enconecte.com\/index.php?rest_route=\/wp\/v2\/media\/23235"}],"wp:attachment":[{"href":"https:\/\/enconecte.com\/index.php?rest_route=%2Fwp%2Fv2%2Fmedia&parent=23232"}],"wp:term":[{"taxonomy":"category","embeddable":true,"href":"https:\/\/enconecte.com\/index.php?rest_route=%2Fwp%2Fv2%2Fcategories&post=23232"},{"taxonomy":"post_tag","embeddable":true,"href":"https:\/\/enconecte.com\/index.php?rest_route=%2Fwp%2Fv2%2Ftags&post=23232"}],"curies":[{"name":"wp","href":"https:\/\/api.w.org\/{rel}","templated":true}]}}