{"id":23226,"date":"2023-10-15T10:13:02","date_gmt":"2023-10-15T16:13:02","guid":{"rendered":"https:\/\/enconecte.com\/?p=23226"},"modified":"2023-11-07T10:14:58","modified_gmt":"2023-11-07T16:14:58","slug":"el-complejo-deportivo-sur-un-paso-importante-en-la-consolidacion-del-deporte-femenil-jerezano-bertha-alicia-garcia-duarte","status":"publish","type":"post","link":"https:\/\/enconecte.com\/?p=23226","title":{"rendered":"EL COMPLEJO DEPORTIVO SUR, UN PASO IMPORTANTE EN LA CONSOLIDACI\u00d3N DEL DEPORTE FEMENIL JEREZANO: BERTHA ALICIA GARC\u00cdA DUARTE"},"content":{"rendered":"<ul>\n<li>La nueva cancha de f\u00fatbol estar\u00e1 lista para finales de a\u00f1o y en 2024 continuar\u00e1 el desarrollo del proyecto<\/li>\n<\/ul>\n<p>Despu\u00e9s de muchos a\u00f1os de solicitar insistentemente un espacio digno para la pr\u00e1ctica de su deporte favorito, las mujeres futbolistas finalmente podr\u00e1n tener una cancha digna en lo que ser\u00e1 el Complejo Deportivo Sur, que se est\u00e1 construyendo a espaldas del auditorio Genaro Borrego Estrada.<\/p>\n<p>En el marco de las actividades del Mes Rosa, la presidenta Honor\u00edfica del DIF, Bertha Alicia Garc\u00eda Duarte, encabez\u00f3 la presentaci\u00f3n del proyecto y consider\u00f3 esta acci\u00f3n como un paso importante en la consolidaci\u00f3n del deporte femenil en Jerez. Afirm\u00f3 que desde el Ayuntamiento se impulsa el deporte como una herramienta de desarrollo social, poniendo \u00e9nfasis en la perspectiva de g\u00e9nero.<\/p>\n<p>Con firmeza, declar\u00f3 que las deportistas jerezanas merecen espacios dignos y seguros. En ese sentido, expuso la iniciativa del doctor Salazar para que el campo de f\u00fatbol de este complejo deportivo, una vez concluidos los trabajos de mejoramiento y empastado, se destine exclusivamente a la Liga Femenil los s\u00e1bados.<\/p>\n<p>Al dar a conocer el proyecto en general, el director de Obras y Servicios P\u00fablicos, Alfredo Mar\u00edn Luna, se\u00f1al\u00f3 que la cancha de f\u00fatbol estar\u00e1 lista este mismo a\u00f1o para su utilizaci\u00f3n, y el pr\u00f3ximo a\u00f1o se continuar\u00e1 con el desarrollo de la infraestructura. Esto incluye estacionamiento, dos canchas de usos m\u00faltiples, dos medias canchas de baloncesto, \u00e1reas verdes, sanitarios y asadores, con un concepto similar al proyecto de la alameda. Adem\u00e1s, pensando en los ni\u00f1os que acompa\u00f1an a sus madres a los partidos semanales, se colocar\u00e1 un \u00e1rea de juegos infantiles.<\/p>\n<p><a  href=\"https:\/\/enconecte.com\/wp-content\/uploads\/2023\/11\/Imagen-de-WhatsApp-2023-10-15-a-las-15.39.12_39b2c326.jpg\" data-rel=\"lightbox-gallery-0\" data-rl_title=\"\" data-rl_caption=\"\" title=\"\"><img loading=\"lazy\" decoding=\"async\" class=\"alignnone size-full wp-image-23228\" src=\"https:\/\/enconecte.com\/wp-content\/uploads\/2023\/11\/Imagen-de-WhatsApp-2023-10-15-a-las-15.39.12_39b2c326.jpg\" alt=\"\" width=\"1599\" height=\"1066\" srcset=\"https:\/\/enconecte.com\/wp-content\/uploads\/2023\/11\/Imagen-de-WhatsApp-2023-10-15-a-las-15.39.12_39b2c326.jpg 1599w, https:\/\/enconecte.com\/wp-content\/uploads\/2023\/11\/Imagen-de-WhatsApp-2023-10-15-a-las-15.39.12_39b2c326-300x200.jpg 300w, https:\/\/enconecte.com\/wp-content\/uploads\/2023\/11\/Imagen-de-WhatsApp-2023-10-15-a-las-15.39.12_39b2c326-1024x683.jpg 1024w, https:\/\/enconecte.com\/wp-content\/uploads\/2023\/11\/Imagen-de-WhatsApp-2023-10-15-a-las-15.39.12_39b2c326-768x512.jpg 768w, https:\/\/enconecte.com\/wp-content\/uploads\/2023\/11\/Imagen-de-WhatsApp-2023-10-15-a-las-15.39.12_39b2c326-1536x1024.jpg 1536w\" sizes=\"auto, (max-width: 1599px) 100vw, 1599px\" \/><\/a><\/p>\n<p>En representaci\u00f3n de las futbolistas jerezanas, Rosy \u00c1lvarez record\u00f3 que en cada administraci\u00f3n han pedido espacios dignos y nunca hab\u00edan sido escuchadas. Lament\u00f3 la discriminaci\u00f3n que han sufrido durante mucho tiempo en la utilizaci\u00f3n del estadio, la Unidad Deportiva y otros campos. Por lo tanto, celebr\u00f3, junto con sus compa\u00f1eras, el hecho de que esta administraci\u00f3n se preocupe por asignarles un lugar apropiado. Felicit\u00f3 a la administraci\u00f3n encabezada por el alcalde Humberto Salazar Contreras y su equipo de trabajo, y asegur\u00f3 que estar\u00e1n al tanto de los avances y esperar\u00e1n que se cumplan las promesas.<\/p>\n<p>En el evento tambi\u00e9n estuvieron presentes el director de Desarrollo Econ\u00f3mico y Social, David Josafat de la Torre Pinedo, el coordinador municipal del deporte, Armando Qui\u00f1ones Ortiz, y el presidente de la Liga Femenil de F\u00fatbol, Jos\u00e9 Antonio Covarrubias\u00a0&#8220;Mel\u00edn&#8221;.<\/p>\n","protected":false},"excerpt":{"rendered":"<p>La nueva cancha de f\u00fatbol estar\u00e1 lista para finales de a\u00f1o y en 2024 continuar\u00e1 el desarrollo del proyecto Despu\u00e9s de muchos a\u00f1os de solicitar insistentemente un espacio digno para la pr\u00e1ctica de su deporte favorito, las mujeres futbolistas finalmente podr\u00e1n tener una cancha digna en lo que ser\u00e1 el Complejo Deportivo Sur, que se [&hellip;]<\/p>\n","protected":false},"author":9,"featured_media":23229,"comment_status":"closed","ping_status":"closed","sticky":false,"template":"","format":"standard","meta":{"footnotes":""},"categories":[1370],"tags":[],"class_list":["post-23226","post","type-post","status-publish","format-standard","has-post-thumbnail","hentry","category-jerez"],"_links":{"self":[{"href":"https:\/\/enconecte.com\/index.php?rest_route=\/wp\/v2\/posts\/23226","targetHints":{"allow":["GET"]}}],"collection":[{"href":"https:\/\/enconecte.com\/index.php?rest_route=\/wp\/v2\/posts"}],"about":[{"href":"https:\/\/enconecte.com\/index.php?rest_route=\/wp\/v2\/types\/post"}],"author":[{"embeddable":true,"href":"https:\/\/enconecte.com\/index.php?rest_route=\/wp\/v2\/users\/9"}],"replies":[{"embeddable":true,"href":"https:\/\/enconecte.com\/index.php?rest_route=%2Fwp%2Fv2%2Fcomments&post=23226"}],"version-history":[{"count":0,"href":"https:\/\/enconecte.com\/index.php?rest_route=\/wp\/v2\/posts\/23226\/revisions"}],"wp:featuredmedia":[{"embeddable":true,"href":"https:\/\/enconecte.com\/index.php?rest_route=\/wp\/v2\/media\/23229"}],"wp:attachment":[{"href":"https:\/\/enconecte.com\/index.php?rest_route=%2Fwp%2Fv2%2Fmedia&parent=23226"}],"wp:term":[{"taxonomy":"category","embeddable":true,"href":"https:\/\/enconecte.com\/index.php?rest_route=%2Fwp%2Fv2%2Fcategories&post=23226"},{"taxonomy":"post_tag","embeddable":true,"href":"https:\/\/enconecte.com\/index.php?rest_route=%2Fwp%2Fv2%2Ftags&post=23226"}],"curies":[{"name":"wp","href":"https:\/\/api.w.org\/{rel}","templated":true}]}}