{"id":23215,"date":"2023-10-12T10:08:46","date_gmt":"2023-10-12T16:08:46","guid":{"rendered":"https:\/\/enconecte.com\/?p=23215"},"modified":"2023-11-07T10:09:26","modified_gmt":"2023-11-07T16:09:26","slug":"continua-dif-jerez-con-recorridos-por-sus-centros-preescolares-par-cuidar-salud-de-menores","status":"publish","type":"post","link":"https:\/\/enconecte.com\/?p=23215","title":{"rendered":"CONTIN\u00daA DIF JEREZ CON RECORRIDOS POR SUS CENTROS PREESCOLARES PAR CUIDAR SALUD DE MENORES"},"content":{"rendered":"<p>El DIF de Jerez contin\u00faa con la caravana de recorridos por los Centros de Atenci\u00f3n Integral Comunitaria (CAIC), para vigilar el sano crecimiento y desarrollo de los menores que asisten a ellos a obtener ense\u00f1anza preescolar.<\/p>\n<p>En esta ocasi\u00f3n la presidenta honor\u00edfica del Sistema, Bertha Alicia Garc\u00eda Duarte, se acerc\u00f3 a los Centros ubicados en las comunidades de Santa Fe, Tetillas y el Huejote para llevarles atenci\u00f3n en salud.<\/p>\n<p>Acompa\u00f1ada de la directora del DIF, Jessica Cuevas Cuevas, les ofreci\u00f3 a los peque\u00f1os consultas en Medicina General, Nutrici\u00f3n y Odontolog\u00eda para prevenir y curar enfermedades que com\u00fanmente aquejan a los ni\u00f1os.<\/p>\n<p>Al mismo tiempo las maestras recibieron paquetes escolares y de limpieza, a fin de eficientar las labores\u00a0en\u00a0los\u00a0Centros.<\/p>\n<p><a  href=\"https:\/\/enconecte.com\/wp-content\/uploads\/2023\/11\/Imagen-de-WhatsApp-2023-10-12-a-las-14.14.18_a8478b11.jpg\" data-rel=\"lightbox-gallery-0\" data-rl_title=\"\" data-rl_caption=\"\" title=\"\"><img loading=\"lazy\" decoding=\"async\" class=\"alignnone size-full wp-image-23217\" src=\"https:\/\/enconecte.com\/wp-content\/uploads\/2023\/11\/Imagen-de-WhatsApp-2023-10-12-a-las-14.14.18_a8478b11.jpg\" alt=\"\" width=\"1600\" height=\"1200\" srcset=\"https:\/\/enconecte.com\/wp-content\/uploads\/2023\/11\/Imagen-de-WhatsApp-2023-10-12-a-las-14.14.18_a8478b11.jpg 1600w, https:\/\/enconecte.com\/wp-content\/uploads\/2023\/11\/Imagen-de-WhatsApp-2023-10-12-a-las-14.14.18_a8478b11-300x225.jpg 300w, https:\/\/enconecte.com\/wp-content\/uploads\/2023\/11\/Imagen-de-WhatsApp-2023-10-12-a-las-14.14.18_a8478b11-1024x768.jpg 1024w, https:\/\/enconecte.com\/wp-content\/uploads\/2023\/11\/Imagen-de-WhatsApp-2023-10-12-a-las-14.14.18_a8478b11-768x576.jpg 768w, https:\/\/enconecte.com\/wp-content\/uploads\/2023\/11\/Imagen-de-WhatsApp-2023-10-12-a-las-14.14.18_a8478b11-1536x1152.jpg 1536w\" sizes=\"auto, (max-width: 1600px) 100vw, 1600px\" \/><\/a><\/p>\n","protected":false},"excerpt":{"rendered":"<p>El DIF de Jerez contin\u00faa con la caravana de recorridos por los Centros de Atenci\u00f3n Integral Comunitaria (CAIC), para vigilar el sano crecimiento y desarrollo de los menores que asisten a ellos a obtener ense\u00f1anza preescolar. En esta ocasi\u00f3n la presidenta honor\u00edfica del Sistema, Bertha Alicia Garc\u00eda Duarte, se acerc\u00f3 a los Centros ubicados en [&hellip;]<\/p>\n","protected":false},"author":9,"featured_media":23216,"comment_status":"closed","ping_status":"closed","sticky":false,"template":"","format":"standard","meta":{"footnotes":""},"categories":[1370],"tags":[],"class_list":["post-23215","post","type-post","status-publish","format-standard","has-post-thumbnail","hentry","category-jerez"],"_links":{"self":[{"href":"https:\/\/enconecte.com\/index.php?rest_route=\/wp\/v2\/posts\/23215","targetHints":{"allow":["GET"]}}],"collection":[{"href":"https:\/\/enconecte.com\/index.php?rest_route=\/wp\/v2\/posts"}],"about":[{"href":"https:\/\/enconecte.com\/index.php?rest_route=\/wp\/v2\/types\/post"}],"author":[{"embeddable":true,"href":"https:\/\/enconecte.com\/index.php?rest_route=\/wp\/v2\/users\/9"}],"replies":[{"embeddable":true,"href":"https:\/\/enconecte.com\/index.php?rest_route=%2Fwp%2Fv2%2Fcomments&post=23215"}],"version-history":[{"count":0,"href":"https:\/\/enconecte.com\/index.php?rest_route=\/wp\/v2\/posts\/23215\/revisions"}],"wp:featuredmedia":[{"embeddable":true,"href":"https:\/\/enconecte.com\/index.php?rest_route=\/wp\/v2\/media\/23216"}],"wp:attachment":[{"href":"https:\/\/enconecte.com\/index.php?rest_route=%2Fwp%2Fv2%2Fmedia&parent=23215"}],"wp:term":[{"taxonomy":"category","embeddable":true,"href":"https:\/\/enconecte.com\/index.php?rest_route=%2Fwp%2Fv2%2Fcategories&post=23215"},{"taxonomy":"post_tag","embeddable":true,"href":"https:\/\/enconecte.com\/index.php?rest_route=%2Fwp%2Fv2%2Ftags&post=23215"}],"curies":[{"name":"wp","href":"https:\/\/api.w.org\/{rel}","templated":true}]}}