{"id":23198,"date":"2023-10-10T23:05:43","date_gmt":"2023-10-11T05:05:43","guid":{"rendered":"https:\/\/enconecte.com\/?p=23198"},"modified":"2023-10-10T23:05:43","modified_gmt":"2023-10-11T05:05:43","slug":"inicia-servicios-publicos-remozamiento-de-panteones-de-jerez","status":"publish","type":"post","link":"https:\/\/enconecte.com\/?p=23198","title":{"rendered":"INICIA SERVICIOS P\u00daBLICOS REMOZAMIENTO DE PANTEONES DE JEREZ"},"content":{"rendered":"<p>La Subdirecci\u00f3n de Servicios P\u00fablicos, adscrita a la Direcci\u00f3n de Obras P\u00fablicas, ha puesto en marcha una campa\u00f1a permanente de limpieza y remozamiento de los cementerios municipales, con el prop\u00f3sito de ofrecer una buena imagen a quienes acuden a visitar a sus seres queridos el 1 y 2 de noviembre, as\u00ed como de mantenerlos en \u00f3ptimas condiciones durante todo el a\u00f1o.<\/p>\n<p>Para ello, se ha movilizado a unos cuarenta trabajadores de diversas \u00e1reas, entre ellos los de Parques y Jardines, que se encargan de podar el c\u00e9sped, retirar los carrizos y realizar labores de reforestaci\u00f3n; tambi\u00e9n el equipo de limpia, que se ocupa de extraer toda la basura; y las unidades de bacheo, que eliminan el escombro que se ha acumulado por a\u00f1os e impide una circulaci\u00f3n c\u00f3moda de las personas.<\/p>\n<p>Los trabajos se han iniciado en los cementerios de El Calvario, La Soledad y La Inmaculada Concepci\u00f3n, donde se efect\u00faa la limpieza a fondo entre las l\u00e1pidas y se barren las avenidas que conectan a los tres camposantos situados en este lugar, en las que se pretende utilizar agua a presi\u00f3n para una limpieza m\u00e1s efectiva. Adem\u00e1s, se pintar\u00e1n los dep\u00f3sitos de basura y se colocar\u00e1n otros nuevos. Se espera concluir en dos semanas y continuar con el cementerio museo de Dolores y el nuevo cementerio \u00c1ngeles Eternos.<\/p>\n<p><a  href=\"https:\/\/enconecte.com\/wp-content\/uploads\/2023\/10\/Imagen-de-WhatsApp-2023-10-09-a-las-14.19.19_8e96e5ae.jpg\" data-rel=\"lightbox-gallery-0\" data-rl_title=\"\" data-rl_caption=\"\" title=\"\"><img loading=\"lazy\" decoding=\"async\" class=\"alignnone size-full wp-image-23199\" src=\"https:\/\/enconecte.com\/wp-content\/uploads\/2023\/10\/Imagen-de-WhatsApp-2023-10-09-a-las-14.19.19_8e96e5ae.jpg\" alt=\"\" width=\"1600\" height=\"1060\" srcset=\"https:\/\/enconecte.com\/wp-content\/uploads\/2023\/10\/Imagen-de-WhatsApp-2023-10-09-a-las-14.19.19_8e96e5ae.jpg 1600w, https:\/\/enconecte.com\/wp-content\/uploads\/2023\/10\/Imagen-de-WhatsApp-2023-10-09-a-las-14.19.19_8e96e5ae-300x199.jpg 300w, https:\/\/enconecte.com\/wp-content\/uploads\/2023\/10\/Imagen-de-WhatsApp-2023-10-09-a-las-14.19.19_8e96e5ae-1024x678.jpg 1024w, https:\/\/enconecte.com\/wp-content\/uploads\/2023\/10\/Imagen-de-WhatsApp-2023-10-09-a-las-14.19.19_8e96e5ae-768x509.jpg 768w, https:\/\/enconecte.com\/wp-content\/uploads\/2023\/10\/Imagen-de-WhatsApp-2023-10-09-a-las-14.19.19_8e96e5ae-1536x1018.jpg 1536w\" sizes=\"auto, (max-width: 1600px) 100vw, 1600px\" \/><\/a><\/p>\n<p>El subdirector de Servicios P\u00fablicos, Jaime Mart\u00ednez Sald\u00edvar, afirm\u00f3 que la intenci\u00f3n de la Direcci\u00f3n de Obras y Servicios P\u00fablicos es realizar la limpieza de los cementerios al menos una vez al mes, no esperar hasta la siguiente temporada del D\u00eda de Difuntos para brindarles atenci\u00f3n, pues se cuenta con personal y equipo para realizar esta tarea con mayor frecuencia y que estos espacios importantes para la sociedad luzcan en buenas condiciones de manera\u00a0permanente.<\/p>\n","protected":false},"excerpt":{"rendered":"<p>La Subdirecci\u00f3n de Servicios P\u00fablicos, adscrita a la Direcci\u00f3n de Obras P\u00fablicas, ha puesto en marcha una campa\u00f1a permanente de limpieza y remozamiento de los cementerios municipales, con el prop\u00f3sito de ofrecer una buena imagen a quienes acuden a visitar a sus seres queridos el 1 y 2 de noviembre, as\u00ed como de mantenerlos en [&hellip;]<\/p>\n","protected":false},"author":9,"featured_media":23200,"comment_status":"closed","ping_status":"closed","sticky":false,"template":"","format":"standard","meta":{"footnotes":""},"categories":[1370],"tags":[],"class_list":["post-23198","post","type-post","status-publish","format-standard","has-post-thumbnail","hentry","category-jerez"],"_links":{"self":[{"href":"https:\/\/enconecte.com\/index.php?rest_route=\/wp\/v2\/posts\/23198","targetHints":{"allow":["GET"]}}],"collection":[{"href":"https:\/\/enconecte.com\/index.php?rest_route=\/wp\/v2\/posts"}],"about":[{"href":"https:\/\/enconecte.com\/index.php?rest_route=\/wp\/v2\/types\/post"}],"author":[{"embeddable":true,"href":"https:\/\/enconecte.com\/index.php?rest_route=\/wp\/v2\/users\/9"}],"replies":[{"embeddable":true,"href":"https:\/\/enconecte.com\/index.php?rest_route=%2Fwp%2Fv2%2Fcomments&post=23198"}],"version-history":[{"count":0,"href":"https:\/\/enconecte.com\/index.php?rest_route=\/wp\/v2\/posts\/23198\/revisions"}],"wp:featuredmedia":[{"embeddable":true,"href":"https:\/\/enconecte.com\/index.php?rest_route=\/wp\/v2\/media\/23200"}],"wp:attachment":[{"href":"https:\/\/enconecte.com\/index.php?rest_route=%2Fwp%2Fv2%2Fmedia&parent=23198"}],"wp:term":[{"taxonomy":"category","embeddable":true,"href":"https:\/\/enconecte.com\/index.php?rest_route=%2Fwp%2Fv2%2Fcategories&post=23198"},{"taxonomy":"post_tag","embeddable":true,"href":"https:\/\/enconecte.com\/index.php?rest_route=%2Fwp%2Fv2%2Ftags&post=23198"}],"curies":[{"name":"wp","href":"https:\/\/api.w.org\/{rel}","templated":true}]}}