{"id":23196,"date":"2023-10-09T23:04:47","date_gmt":"2023-10-10T05:04:47","guid":{"rendered":"https:\/\/enconecte.com\/?p=23196"},"modified":"2023-10-10T23:05:08","modified_gmt":"2023-10-11T05:05:08","slug":"ultimas-fechas-para-campana-de-subregistros-y-soy-mexico-en-jerez-los-proximos-11-de-octubre-y-8-de-noviembre","status":"publish","type":"post","link":"https:\/\/enconecte.com\/?p=23196","title":{"rendered":"\u00daLTIMAS FECHAS PARA CAMPA\u00d1A DE SUBREGISTROS Y SOY M\u00c9XICO EN JEREZ LOS PR\u00d3XIMOS 11 DE OCTUBRE Y 8 DE NOVIEMBRE"},"content":{"rendered":"<p>La campa\u00f1a de Subregistros y Soy M\u00e9xico, organizada por la Oficial\u00eda de Registro Civil del municipio de Jerez y la Direcci\u00f3n de Registro Civil del Estado de Zacatecas, se llev\u00f3 a cabo con \u00e9xito a finales del mes pasado. El objetivo de esta campa\u00f1a era facilitar a los jerezanos la obtenci\u00f3n y correcci\u00f3n gratuita de actas de nacimiento, situaci\u00f3n civil, defunci\u00f3n, reconocimiento y otras emitidas por el registro civil, as\u00ed como la inserci\u00f3n de actas de nacimiento extranjeras del programa \u201cSoy M\u00e9xico\u201d. Debido a la alta demanda, se informa a la ciudadan\u00eda en general que los pr\u00f3ximos mi\u00e9rcoles 11 de octubre y 8 de noviembre se realizar\u00e1 nuevamente y por \u00faltima ocasi\u00f3n en el a\u00f1o esta campa\u00f1a.<\/p>\n<p>La encargada del Registro Civil municipal, Lic. Marina Miranda Sald\u00edvar, explic\u00f3 que en esta campa\u00f1a se ofrecer\u00e1n los mismos servicios que en la anterior: registros extempor\u00e1neos para ni\u00f1os menores a 6 a\u00f1os, expedici\u00f3n de cualquier copia certificada de acta que expida el registro civil y tr\u00e1mite del programa Soy M\u00e9xico, con m\u00f3dulo de atenci\u00f3n para quienes puedan y deseen obtener la doble nacionalidad. Adem\u00e1s, se integrar\u00e1 una mesa de asesor\u00eda en tr\u00e1mites relacionados con esta \u00e1rea.<\/p>\n<p>Miranda Sald\u00edvar manifest\u00f3 que las correcciones de actas por errores en datos o nombres requieren que los interesados se acerquen al registro civil de manera previa, para realizar la integraci\u00f3n previa de expediente y agilizar el tr\u00e1mite gratuito.<\/p>\n<p>La funcionaria record\u00f3 que estas ser\u00e1n las \u00faltimas fechas del a\u00f1o para realizar los servicios de forma gratuita. La campa\u00f1a tendr\u00e1 sede en el \u00e1rea sur del Jard\u00edn Rafael P\u00e1ez, en el paseo peatonal, frente a la presidencia municipal, con horario de 9:00\u00a0a\u00a015:00\u00a0horas.<\/p>\n","protected":false},"excerpt":{"rendered":"<p>La campa\u00f1a de Subregistros y Soy M\u00e9xico, organizada por la Oficial\u00eda de Registro Civil del municipio de Jerez y la Direcci\u00f3n de Registro Civil del Estado de Zacatecas, se llev\u00f3 a cabo con \u00e9xito a finales del mes pasado. El objetivo de esta campa\u00f1a era facilitar a los jerezanos la obtenci\u00f3n y correcci\u00f3n gratuita de [&hellip;]<\/p>\n","protected":false},"author":9,"featured_media":23197,"comment_status":"closed","ping_status":"closed","sticky":false,"template":"","format":"standard","meta":{"footnotes":""},"categories":[1370],"tags":[],"class_list":["post-23196","post","type-post","status-publish","format-standard","has-post-thumbnail","hentry","category-jerez"],"_links":{"self":[{"href":"https:\/\/enconecte.com\/index.php?rest_route=\/wp\/v2\/posts\/23196","targetHints":{"allow":["GET"]}}],"collection":[{"href":"https:\/\/enconecte.com\/index.php?rest_route=\/wp\/v2\/posts"}],"about":[{"href":"https:\/\/enconecte.com\/index.php?rest_route=\/wp\/v2\/types\/post"}],"author":[{"embeddable":true,"href":"https:\/\/enconecte.com\/index.php?rest_route=\/wp\/v2\/users\/9"}],"replies":[{"embeddable":true,"href":"https:\/\/enconecte.com\/index.php?rest_route=%2Fwp%2Fv2%2Fcomments&post=23196"}],"version-history":[{"count":0,"href":"https:\/\/enconecte.com\/index.php?rest_route=\/wp\/v2\/posts\/23196\/revisions"}],"wp:featuredmedia":[{"embeddable":true,"href":"https:\/\/enconecte.com\/index.php?rest_route=\/wp\/v2\/media\/23197"}],"wp:attachment":[{"href":"https:\/\/enconecte.com\/index.php?rest_route=%2Fwp%2Fv2%2Fmedia&parent=23196"}],"wp:term":[{"taxonomy":"category","embeddable":true,"href":"https:\/\/enconecte.com\/index.php?rest_route=%2Fwp%2Fv2%2Fcategories&post=23196"},{"taxonomy":"post_tag","embeddable":true,"href":"https:\/\/enconecte.com\/index.php?rest_route=%2Fwp%2Fv2%2Ftags&post=23196"}],"curies":[{"name":"wp","href":"https:\/\/api.w.org\/{rel}","templated":true}]}}