{"id":23183,"date":"2023-10-07T23:01:09","date_gmt":"2023-10-08T05:01:09","guid":{"rendered":"https:\/\/enconecte.com\/?p=23183"},"modified":"2023-10-10T23:02:00","modified_gmt":"2023-10-11T05:02:00","slug":"presentaron-el-comic-los-ilustres-de-juan-manuel-avila-correa","status":"publish","type":"post","link":"https:\/\/enconecte.com\/?p=23183","title":{"rendered":"PRESENTARON EL COMIC \u201cLOS ILUSTRES\u201d DE JUAN MANUEL \u00c1VILA CORREA"},"content":{"rendered":"<p><strong>Un tributo a quienes han enriquecido nuestra historia y nuestra cultura: Victor Iturriaga<\/strong><\/p>\n<p>El artista pl\u00e1stico, dise\u00f1ador y creativo, Juan Manuel \u00c1vila Correa, \u201cJhon Mic\u201d present\u00f3 su c\u00f3mic \u201cLos Ilustres\u201d, mediante el cual rinde homenaje a cinco destacados jerezanos de la historia; el estadista Francisco Garc\u00eda Salinas, el poeta Ram\u00f3n L\u00f3pez Velarde, el m\u00fasico Candelario Hu\u00edzar, el fil\u00f3sofo y pedagogo Francisco L\u2019Arroyo y el historiador Eugenio del Hoyo.<\/p>\n<p>En un evento realizado en el edificio Alc\u00e1zar, sede del Instituto Jerezano de Cultura (IJC) \u00c1vila Correa mostr\u00f3 a la sociedad el resultado de un trabajo art\u00edstico, que incluy\u00f3 una investigaci\u00f3n hist\u00f3rica profunda, con muchas horas de lectura, adem\u00e1s del resumen de la informaci\u00f3n y plasmar al papel la idea, que consiste en un ejemplar de 33 p\u00e1ginas, con ilustraciones y textos en blanco y negro.<\/p>\n<p>El evento estuvo encabezado por el director del IJC, V\u00edctor Hugo Huizar Iturriaga, quien en nombre del alcalde Jos\u00e9 Humberto Salazar Contreras, reconoci\u00f3 la trayectoria de Correa \u00c1vila y afirm\u00f3 que la obra gr\u00e1fica, aporta un grano m\u00e1s a nuestra identidad cultural, que rinde homenaje a las figuras ilustres de nuestro municipio; un tributo a quienes han enriquecido nuestra historia y nuestra cultura; es una forma de recordar sus logros, sus sacrificios y su legado, se\u00f1al\u00f3.<\/p>\n<p><a  href=\"https:\/\/enconecte.com\/wp-content\/uploads\/2023\/10\/Imagen-de-WhatsApp-2023-10-07-a-las-11.47.57_c4b7da50.jpg\" data-rel=\"lightbox-gallery-0\" data-rl_title=\"\" data-rl_caption=\"\" title=\"\"><img loading=\"lazy\" decoding=\"async\" class=\"alignnone size-full wp-image-23185\" src=\"https:\/\/enconecte.com\/wp-content\/uploads\/2023\/10\/Imagen-de-WhatsApp-2023-10-07-a-las-11.47.57_c4b7da50.jpg\" alt=\"\" width=\"1599\" height=\"1066\" srcset=\"https:\/\/enconecte.com\/wp-content\/uploads\/2023\/10\/Imagen-de-WhatsApp-2023-10-07-a-las-11.47.57_c4b7da50.jpg 1599w, https:\/\/enconecte.com\/wp-content\/uploads\/2023\/10\/Imagen-de-WhatsApp-2023-10-07-a-las-11.47.57_c4b7da50-300x200.jpg 300w, https:\/\/enconecte.com\/wp-content\/uploads\/2023\/10\/Imagen-de-WhatsApp-2023-10-07-a-las-11.47.57_c4b7da50-1024x683.jpg 1024w, https:\/\/enconecte.com\/wp-content\/uploads\/2023\/10\/Imagen-de-WhatsApp-2023-10-07-a-las-11.47.57_c4b7da50-768x512.jpg 768w, https:\/\/enconecte.com\/wp-content\/uploads\/2023\/10\/Imagen-de-WhatsApp-2023-10-07-a-las-11.47.57_c4b7da50-1536x1024.jpg 1536w\" sizes=\"auto, (max-width: 1599px) 100vw, 1599px\" \/><\/a><\/p>\n<p>Participaron como comentaristas Julieta Rodr\u00edguez Ju\u00e1rez, Juan Ontiveros y Jes\u00fas Carrera, quienes hablaron del trabajo contenido en la obra presentada por Jhon Mic, un artista que vive la pasi\u00f3n del comic, situaci\u00f3n que le ha llevado a ganar importantes premios e incluso a incursionar en la ense\u00f1anza de esta forma del arte, a nivel de\u00a0licenciatura.<\/p>\n","protected":false},"excerpt":{"rendered":"<p>Un tributo a quienes han enriquecido nuestra historia y nuestra cultura: Victor Iturriaga El artista pl\u00e1stico, dise\u00f1ador y creativo, Juan Manuel \u00c1vila Correa, \u201cJhon Mic\u201d present\u00f3 su c\u00f3mic \u201cLos Ilustres\u201d, mediante el cual rinde homenaje a cinco destacados jerezanos de la historia; el estadista Francisco Garc\u00eda Salinas, el poeta Ram\u00f3n L\u00f3pez Velarde, el m\u00fasico Candelario [&hellip;]<\/p>\n","protected":false},"author":9,"featured_media":23184,"comment_status":"closed","ping_status":"closed","sticky":false,"template":"","format":"standard","meta":{"footnotes":""},"categories":[1370],"tags":[],"class_list":["post-23183","post","type-post","status-publish","format-standard","has-post-thumbnail","hentry","category-jerez"],"_links":{"self":[{"href":"https:\/\/enconecte.com\/index.php?rest_route=\/wp\/v2\/posts\/23183","targetHints":{"allow":["GET"]}}],"collection":[{"href":"https:\/\/enconecte.com\/index.php?rest_route=\/wp\/v2\/posts"}],"about":[{"href":"https:\/\/enconecte.com\/index.php?rest_route=\/wp\/v2\/types\/post"}],"author":[{"embeddable":true,"href":"https:\/\/enconecte.com\/index.php?rest_route=\/wp\/v2\/users\/9"}],"replies":[{"embeddable":true,"href":"https:\/\/enconecte.com\/index.php?rest_route=%2Fwp%2Fv2%2Fcomments&post=23183"}],"version-history":[{"count":0,"href":"https:\/\/enconecte.com\/index.php?rest_route=\/wp\/v2\/posts\/23183\/revisions"}],"wp:featuredmedia":[{"embeddable":true,"href":"https:\/\/enconecte.com\/index.php?rest_route=\/wp\/v2\/media\/23184"}],"wp:attachment":[{"href":"https:\/\/enconecte.com\/index.php?rest_route=%2Fwp%2Fv2%2Fmedia&parent=23183"}],"wp:term":[{"taxonomy":"category","embeddable":true,"href":"https:\/\/enconecte.com\/index.php?rest_route=%2Fwp%2Fv2%2Fcategories&post=23183"},{"taxonomy":"post_tag","embeddable":true,"href":"https:\/\/enconecte.com\/index.php?rest_route=%2Fwp%2Fv2%2Ftags&post=23183"}],"curies":[{"name":"wp","href":"https:\/\/api.w.org\/{rel}","templated":true}]}}