{"id":23177,"date":"2023-10-06T22:55:44","date_gmt":"2023-10-07T04:55:44","guid":{"rendered":"https:\/\/enconecte.com\/?p=23177"},"modified":"2023-10-10T23:00:09","modified_gmt":"2023-10-11T05:00:09","slug":"dif-jerez-continua-con-programa-de-apoyo-alimentario-en-los-1000-dias","status":"publish","type":"post","link":"https:\/\/enconecte.com\/?p=23177","title":{"rendered":"DIF JEREZ CONTIN\u00daA CON PROGRAMA DE APOYO ALIMENTARIO EN LOS 1000 D\u00cdAS"},"content":{"rendered":"<p>El DIF Jerez contin\u00faa con el Programa de Atenci\u00f3n Alimentaria en los Primeros 1000 D\u00edas, que en conjunto con el SEDIF apoya a 150 madres del municipio con despensas mensuales y pl\u00e1ticas informativas sobre el buen comer.<\/p>\n<p>Es ese sentido el Sistema que dirige la presidenta honor\u00edfica Bertha Alicia Garc\u00eda Duarte, brind\u00f3 una nueva charla a madres de ni\u00f1os menores de 2 a\u00f1os inscritas en el programa, con el fin de concientizarlas sobre la debida alimentaci\u00f3n personal y la de sus hijos, en especial las que se encuentran en periodo lactante.<\/p>\n<p>En presencia de la titular de la Jefatura de Programas Alimentarios, Roc\u00edo Azucena Ibarra Bautista, la nutri\u00f3loga Stephany Ceballos les hizo \u00e9nfasis en el uso exclusivo de leche materna para ni\u00f1os de 0 a 6 meses, ayud\u00e1ndose de la leche de f\u00f3rmula s\u00f3lo en caso necesario, mientras que de 7 meses a 2 a\u00f1os de edad se requiere una dieta espec\u00edfica con altos nutrientes.<\/p>\n<p>A su vez les fueron dados consejos de preparaci\u00f3n innovadora y accesible de platillos con productos que hay en casa y de la despensa que mensualmente reciben en el DIF como arroz, avena, lentejas, frijol, entre otros.<\/p>\n<p>Finalmente se les explic\u00f3 que con dichos insumos se previene la anemia, muy com\u00fan en las mujeres, se protege al coraz\u00f3n y se refuerza el sistema inmune, debido a que son ricos en minerales, vitaminas\u00a0y\u00a0fibra.<\/p>\n","protected":false},"excerpt":{"rendered":"<p>El DIF Jerez contin\u00faa con el Programa de Atenci\u00f3n Alimentaria en los Primeros 1000 D\u00edas, que en conjunto con el SEDIF apoya a 150 madres del municipio con despensas mensuales y pl\u00e1ticas informativas sobre el buen comer. Es ese sentido el Sistema que dirige la presidenta honor\u00edfica Bertha Alicia Garc\u00eda Duarte, brind\u00f3 una nueva charla [&hellip;]<\/p>\n","protected":false},"author":9,"featured_media":23178,"comment_status":"closed","ping_status":"closed","sticky":false,"template":"","format":"standard","meta":{"footnotes":""},"categories":[1370],"tags":[],"class_list":["post-23177","post","type-post","status-publish","format-standard","has-post-thumbnail","hentry","category-jerez"],"_links":{"self":[{"href":"https:\/\/enconecte.com\/index.php?rest_route=\/wp\/v2\/posts\/23177","targetHints":{"allow":["GET"]}}],"collection":[{"href":"https:\/\/enconecte.com\/index.php?rest_route=\/wp\/v2\/posts"}],"about":[{"href":"https:\/\/enconecte.com\/index.php?rest_route=\/wp\/v2\/types\/post"}],"author":[{"embeddable":true,"href":"https:\/\/enconecte.com\/index.php?rest_route=\/wp\/v2\/users\/9"}],"replies":[{"embeddable":true,"href":"https:\/\/enconecte.com\/index.php?rest_route=%2Fwp%2Fv2%2Fcomments&post=23177"}],"version-history":[{"count":0,"href":"https:\/\/enconecte.com\/index.php?rest_route=\/wp\/v2\/posts\/23177\/revisions"}],"wp:featuredmedia":[{"embeddable":true,"href":"https:\/\/enconecte.com\/index.php?rest_route=\/wp\/v2\/media\/23178"}],"wp:attachment":[{"href":"https:\/\/enconecte.com\/index.php?rest_route=%2Fwp%2Fv2%2Fmedia&parent=23177"}],"wp:term":[{"taxonomy":"category","embeddable":true,"href":"https:\/\/enconecte.com\/index.php?rest_route=%2Fwp%2Fv2%2Fcategories&post=23177"},{"taxonomy":"post_tag","embeddable":true,"href":"https:\/\/enconecte.com\/index.php?rest_route=%2Fwp%2Fv2%2Ftags&post=23177"}],"curies":[{"name":"wp","href":"https:\/\/api.w.org\/{rel}","templated":true}]}}