{"id":23173,"date":"2023-10-04T22:54:33","date_gmt":"2023-10-05T04:54:33","guid":{"rendered":"https:\/\/enconecte.com\/?p=23173"},"modified":"2023-10-10T22:55:07","modified_gmt":"2023-10-11T04:55:07","slug":"dr-salazar-apoya-a-banda-de-guerra-san-rafael-arcangel-de-los-haro-jerez","status":"publish","type":"post","link":"https:\/\/enconecte.com\/?p=23173","title":{"rendered":"DR. SALAZAR APOYA A BANDA DE GUERRA SAN RAFAEL ARC\u00c1NGEL DE LOS HARO, JEREZ"},"content":{"rendered":"<p>En una reuni\u00f3n cercana, en el despacho del presidente municipal de Jerez, fueron recibidos miembros del Comit\u00e9 que organiza la Corporaci\u00f3n de la Banda de Guerra de San Rafael Arc\u00e1ngel de Los Haro, Jerez. Esta corporaci\u00f3n tiene la responsabilidad de amenizar las fiestas patronales en su comunidad, que tienen lugar del 15 al 25 de octubre. El prop\u00f3sito de la reuni\u00f3n era entregarles apoyo econ\u00f3mico que ser\u00eda destinado a la compra de cornetas y tambores para los integrantes de la banda de guerra. Esta contribuci\u00f3n representar\u00eda un alivio econ\u00f3mico para las familias de la comunidad. El apoyo otorgado ascendi\u00f3 a la cifra de $38,000.00 y fue gestionado a trav\u00e9s del departamento de Atenci\u00f3n Ciudadana y Gesti\u00f3n Social, con fondos donados por la administraci\u00f3n 2021-2024.<\/p>\n<p>En el transcurso de la reuni\u00f3n, los padres de familia y miembros de la corporaci\u00f3n tuvieron la oportunidad de explicar la tradici\u00f3n que se celebra en la comunidad. Durante los primeros 9 d\u00edas, se realizan novenarios en los que los j\u00f3venes de la banda amenizan las peregrinaciones. Los \u00faltimos dos d\u00edas, 24 y 25 de octubre, se caracterizan por la representaci\u00f3n de La Morisma, que involucra a dos bandas de moros y cristianos. En esta etapa se unen m\u00e1s participantes, sumando cerca de 200 colaboradores en esta obra de teatro popular y tradicional. Antes de concluir, los padres destacaron que actualmente, sumando ambas bandas, cuentan con cerca de 120 integrantes. Adem\u00e1s, se\u00f1alaron que este a\u00f1o se conmemoran 157 a\u00f1os desde que se construy\u00f3 la primera iglesia de la comunidad.<\/p>\n<p>El Dr. Jos\u00e9 Humberto Salazar Contreras, alcalde de Jerez, procedi\u00f3 a entregar el apoyo econ\u00f3mico, que ser\u00e1 invertido en material que puede durar hasta m\u00e1s de 40 a\u00f1os. En su discurso, reafirm\u00f3 su compromiso con las tradiciones de las comunidades y de Jerez, felicitando a los integrantes por su contribuci\u00f3n para preservar estas importantes tradiciones. Las fiestas patronales atraen a personas de comunidades cercanas y de municipios como Zacatecas, Fresnillo, Enrique Estrada, Calera,\u00a0entre\u00a0otros.<\/p>\n","protected":false},"excerpt":{"rendered":"<p>En una reuni\u00f3n cercana, en el despacho del presidente municipal de Jerez, fueron recibidos miembros del Comit\u00e9 que organiza la Corporaci\u00f3n de la Banda de Guerra de San Rafael Arc\u00e1ngel de Los Haro, Jerez. Esta corporaci\u00f3n tiene la responsabilidad de amenizar las fiestas patronales en su comunidad, que tienen lugar del 15 al 25 de [&hellip;]<\/p>\n","protected":false},"author":9,"featured_media":23174,"comment_status":"closed","ping_status":"closed","sticky":false,"template":"","format":"standard","meta":{"footnotes":""},"categories":[1370],"tags":[],"class_list":["post-23173","post","type-post","status-publish","format-standard","has-post-thumbnail","hentry","category-jerez"],"_links":{"self":[{"href":"https:\/\/enconecte.com\/index.php?rest_route=\/wp\/v2\/posts\/23173","targetHints":{"allow":["GET"]}}],"collection":[{"href":"https:\/\/enconecte.com\/index.php?rest_route=\/wp\/v2\/posts"}],"about":[{"href":"https:\/\/enconecte.com\/index.php?rest_route=\/wp\/v2\/types\/post"}],"author":[{"embeddable":true,"href":"https:\/\/enconecte.com\/index.php?rest_route=\/wp\/v2\/users\/9"}],"replies":[{"embeddable":true,"href":"https:\/\/enconecte.com\/index.php?rest_route=%2Fwp%2Fv2%2Fcomments&post=23173"}],"version-history":[{"count":0,"href":"https:\/\/enconecte.com\/index.php?rest_route=\/wp\/v2\/posts\/23173\/revisions"}],"wp:featuredmedia":[{"embeddable":true,"href":"https:\/\/enconecte.com\/index.php?rest_route=\/wp\/v2\/media\/23174"}],"wp:attachment":[{"href":"https:\/\/enconecte.com\/index.php?rest_route=%2Fwp%2Fv2%2Fmedia&parent=23173"}],"wp:term":[{"taxonomy":"category","embeddable":true,"href":"https:\/\/enconecte.com\/index.php?rest_route=%2Fwp%2Fv2%2Fcategories&post=23173"},{"taxonomy":"post_tag","embeddable":true,"href":"https:\/\/enconecte.com\/index.php?rest_route=%2Fwp%2Fv2%2Ftags&post=23173"}],"curies":[{"name":"wp","href":"https:\/\/api.w.org\/{rel}","templated":true}]}}