{"id":23158,"date":"2023-09-29T22:49:45","date_gmt":"2023-09-30T04:49:45","guid":{"rendered":"https:\/\/enconecte.com\/?p=23158"},"modified":"2023-10-10T22:50:34","modified_gmt":"2023-10-11T04:50:34","slug":"dif-jerez-promueve-el-sano-desarrollo-de-la-adolescencia","status":"publish","type":"post","link":"https:\/\/enconecte.com\/?p=23158","title":{"rendered":"DIF JEREZ PROMUEVE EL SANO DESARROLLO DE LA ADOLESCENCIA"},"content":{"rendered":"<p>El DIF Jerez contin\u00faa promoviendo el sano desarrollo de los menores de edad, por medio de charlas informativas y reflexivas que en esta ocasi\u00f3n fueron llevadas a la telesecundaria de la comunidad Santa Rita.<\/p>\n<p>Con estas pl\u00e1ticas que tratan temas significativos para cada etapa de la infancia y la juventud, el Sistema que dirige la presidenta honor\u00edfica Bertha Alicia Garc\u00eda Duarte, busca proveer a los fututos adultos de herramientas para enfrentar eficazmente las adversidades de la vida.<\/p>\n<p>Es por tal que ante 30 alumnos y 22 padres de familia pertenecientes al plantel, personal de Psicolog\u00eda del DIF habl\u00f3 de los cambios en la adolescencia y la sexualidad sana bajo el t\u00edtulo de \u201cMi adolescente y yo\u201d.<\/p>\n<p>Los asistentes comprendieron que la adolescencia puede ser muy dif\u00edcil de atravesar si no se habla del sexo, la sexualidad y la identidad sexual de forma natural y adecuada, especialmente en un entorno actualmente hipersexualizado por los sitios de internet, medios de comunicaci\u00f3n e interacci\u00f3n cotidiana con la sociedad.<\/p>\n<p><a  href=\"https:\/\/enconecte.com\/wp-content\/uploads\/2023\/10\/Imagen-de-WhatsApp-2023-09-29-a-las-13.23.02_4cf6b2d3.jpg\" data-rel=\"lightbox-gallery-0\" data-rl_title=\"\" data-rl_caption=\"\" title=\"\"><img loading=\"lazy\" decoding=\"async\" class=\"alignnone size-full wp-image-23159\" src=\"https:\/\/enconecte.com\/wp-content\/uploads\/2023\/10\/Imagen-de-WhatsApp-2023-09-29-a-las-13.23.02_4cf6b2d3.jpg\" alt=\"\" width=\"1600\" height=\"1066\" srcset=\"https:\/\/enconecte.com\/wp-content\/uploads\/2023\/10\/Imagen-de-WhatsApp-2023-09-29-a-las-13.23.02_4cf6b2d3.jpg 1600w, https:\/\/enconecte.com\/wp-content\/uploads\/2023\/10\/Imagen-de-WhatsApp-2023-09-29-a-las-13.23.02_4cf6b2d3-300x200.jpg 300w, https:\/\/enconecte.com\/wp-content\/uploads\/2023\/10\/Imagen-de-WhatsApp-2023-09-29-a-las-13.23.02_4cf6b2d3-1024x682.jpg 1024w, https:\/\/enconecte.com\/wp-content\/uploads\/2023\/10\/Imagen-de-WhatsApp-2023-09-29-a-las-13.23.02_4cf6b2d3-768x512.jpg 768w, https:\/\/enconecte.com\/wp-content\/uploads\/2023\/10\/Imagen-de-WhatsApp-2023-09-29-a-las-13.23.02_4cf6b2d3-1536x1023.jpg 1536w\" sizes=\"auto, (max-width: 1600px) 100vw, 1600px\" \/><\/a><\/p>\n<p>Se les explic\u00f3 que la \u00fanica manera de fomentar el bienestar y la seguridad de los hijos, es prepararlos con cuidado a una edad debida para los cambios normales en sus cuerpos, labor que compete principalmente a los padres\u00a0de\u00a0familia.<\/p>\n","protected":false},"excerpt":{"rendered":"<p>El DIF Jerez contin\u00faa promoviendo el sano desarrollo de los menores de edad, por medio de charlas informativas y reflexivas que en esta ocasi\u00f3n fueron llevadas a la telesecundaria de la comunidad Santa Rita. Con estas pl\u00e1ticas que tratan temas significativos para cada etapa de la infancia y la juventud, el Sistema que dirige la [&hellip;]<\/p>\n","protected":false},"author":9,"featured_media":23160,"comment_status":"closed","ping_status":"closed","sticky":false,"template":"","format":"standard","meta":{"footnotes":""},"categories":[1370],"tags":[],"class_list":["post-23158","post","type-post","status-publish","format-standard","has-post-thumbnail","hentry","category-jerez"],"_links":{"self":[{"href":"https:\/\/enconecte.com\/index.php?rest_route=\/wp\/v2\/posts\/23158","targetHints":{"allow":["GET"]}}],"collection":[{"href":"https:\/\/enconecte.com\/index.php?rest_route=\/wp\/v2\/posts"}],"about":[{"href":"https:\/\/enconecte.com\/index.php?rest_route=\/wp\/v2\/types\/post"}],"author":[{"embeddable":true,"href":"https:\/\/enconecte.com\/index.php?rest_route=\/wp\/v2\/users\/9"}],"replies":[{"embeddable":true,"href":"https:\/\/enconecte.com\/index.php?rest_route=%2Fwp%2Fv2%2Fcomments&post=23158"}],"version-history":[{"count":0,"href":"https:\/\/enconecte.com\/index.php?rest_route=\/wp\/v2\/posts\/23158\/revisions"}],"wp:featuredmedia":[{"embeddable":true,"href":"https:\/\/enconecte.com\/index.php?rest_route=\/wp\/v2\/media\/23160"}],"wp:attachment":[{"href":"https:\/\/enconecte.com\/index.php?rest_route=%2Fwp%2Fv2%2Fmedia&parent=23158"}],"wp:term":[{"taxonomy":"category","embeddable":true,"href":"https:\/\/enconecte.com\/index.php?rest_route=%2Fwp%2Fv2%2Fcategories&post=23158"},{"taxonomy":"post_tag","embeddable":true,"href":"https:\/\/enconecte.com\/index.php?rest_route=%2Fwp%2Fv2%2Ftags&post=23158"}],"curies":[{"name":"wp","href":"https:\/\/api.w.org\/{rel}","templated":true}]}}