{"id":23154,"date":"2023-09-28T22:48:55","date_gmt":"2023-09-29T04:48:55","guid":{"rendered":"https:\/\/enconecte.com\/?p=23154"},"modified":"2023-10-10T22:49:37","modified_gmt":"2023-10-11T04:49:37","slug":"realizaron-foro-sobre-la-produccion-de-bioinsumos-en-las-actividades-conmemorativas-al-dia-internacional-del-maiz","status":"publish","type":"post","link":"https:\/\/enconecte.com\/?p=23154","title":{"rendered":"REALIZARON FORO SOBRE LA PRODUCCI\u00d3N DE BIOINSUMOS, EN LAS ACTIVIDADES CONMEMORATIVAS AL D\u00cdA INTERNACIONAL DEL MA\u00cdZ"},"content":{"rendered":"<p>En el marco de la conmemoraci\u00f3n del D\u00eda Internacional del Ma\u00edz, el Departamento Agropecuario de la Presidencia Municipal organiz\u00f3 el foro &#8220;Di\u00e1logo de Saberes: Importancia de la Transici\u00f3n Agroecol\u00f3gica en el Cultivo de Ma\u00edz, Alcances y Retos&#8221;. Este evento cont\u00f3 con expositores de la Secretar\u00eda de Agricultura, as\u00ed como expertos de R\u00edo Grande y Jerez.<\/p>\n<p>El evento tuvo lugar en el sal\u00f3n Alc\u00e1zar, donde se reunieron profesionales del sector, productores e integrantes de las dos escuelas de bioinsumos del municipio. Durante el evento, se llevaron a cabo intercambios de experiencias y se presentaron las estrategias implementadas por organismos similares en el municipio visitante. Al igual que en Jerez, en este municipio se trabaja en la producci\u00f3n de bioinsumos a base de materiales org\u00e1nicos que los propios productores generan, como el esti\u00e9rcol o pasturas podridas, que se utilizan para la elaboraci\u00f3n de fertilizantes org\u00e1nicos.<\/p>\n<p>En el foro tambi\u00e9n se consider\u00f3 la incorporaci\u00f3n del Departamento de Ecolog\u00eda del municipio para conocer el sistema que se lleva a cabo en R\u00edo Grande. Este sistema se centra en utilizar la materia proveniente de las podas y procesarla para utilizarla en la fertilizaci\u00f3n de todas las \u00e1reas verdes.<\/p>\n<p>Alberto Murillo, jefe del Departamento Agropecuario, inform\u00f3 que el foro estuvo dirigido principalmente a productores del municipio dedicados al cultivo del ma\u00edz, pero tambi\u00e9n a aquellos que cultivan otros productos como avena, alfalfa, chile y cebolla. Estos productores pueden encontrar en la producci\u00f3n de bioinsumos una manera de reducir costos y mejorar sus\u00a0rendimientos.<\/p>\n","protected":false},"excerpt":{"rendered":"<p>En el marco de la conmemoraci\u00f3n del D\u00eda Internacional del Ma\u00edz, el Departamento Agropecuario de la Presidencia Municipal organiz\u00f3 el foro &#8220;Di\u00e1logo de Saberes: Importancia de la Transici\u00f3n Agroecol\u00f3gica en el Cultivo de Ma\u00edz, Alcances y Retos&#8221;. Este evento cont\u00f3 con expositores de la Secretar\u00eda de Agricultura, as\u00ed como expertos de R\u00edo Grande y Jerez. [&hellip;]<\/p>\n","protected":false},"author":9,"featured_media":23156,"comment_status":"closed","ping_status":"closed","sticky":false,"template":"","format":"standard","meta":{"footnotes":""},"categories":[1370],"tags":[],"class_list":["post-23154","post","type-post","status-publish","format-standard","has-post-thumbnail","hentry","category-jerez"],"_links":{"self":[{"href":"https:\/\/enconecte.com\/index.php?rest_route=\/wp\/v2\/posts\/23154","targetHints":{"allow":["GET"]}}],"collection":[{"href":"https:\/\/enconecte.com\/index.php?rest_route=\/wp\/v2\/posts"}],"about":[{"href":"https:\/\/enconecte.com\/index.php?rest_route=\/wp\/v2\/types\/post"}],"author":[{"embeddable":true,"href":"https:\/\/enconecte.com\/index.php?rest_route=\/wp\/v2\/users\/9"}],"replies":[{"embeddable":true,"href":"https:\/\/enconecte.com\/index.php?rest_route=%2Fwp%2Fv2%2Fcomments&post=23154"}],"version-history":[{"count":0,"href":"https:\/\/enconecte.com\/index.php?rest_route=\/wp\/v2\/posts\/23154\/revisions"}],"wp:featuredmedia":[{"embeddable":true,"href":"https:\/\/enconecte.com\/index.php?rest_route=\/wp\/v2\/media\/23156"}],"wp:attachment":[{"href":"https:\/\/enconecte.com\/index.php?rest_route=%2Fwp%2Fv2%2Fmedia&parent=23154"}],"wp:term":[{"taxonomy":"category","embeddable":true,"href":"https:\/\/enconecte.com\/index.php?rest_route=%2Fwp%2Fv2%2Fcategories&post=23154"},{"taxonomy":"post_tag","embeddable":true,"href":"https:\/\/enconecte.com\/index.php?rest_route=%2Fwp%2Fv2%2Ftags&post=23154"}],"curies":[{"name":"wp","href":"https:\/\/api.w.org\/{rel}","templated":true}]}}