{"id":23151,"date":"2023-09-25T22:48:19","date_gmt":"2023-09-26T04:48:19","guid":{"rendered":"https:\/\/enconecte.com\/?p=23151"},"modified":"2023-10-10T22:48:46","modified_gmt":"2023-10-11T04:48:46","slug":"fue-realizada-la-primer-feria-de-empleo-en-jerez-2023","status":"publish","type":"post","link":"https:\/\/enconecte.com\/?p=23151","title":{"rendered":"FUE REALIZADA LA PRIMER FERIA DE EMPLEO EN JEREZ 2023"},"content":{"rendered":"<p>Bajo el trabajo coordinado del Gobierno del Estado de Zacatecas, a trav\u00e9s de la Subsecretar\u00eda del Empleo, y el Gobierno Municipal de Jerez para el per\u00edodo 2021-2024, se organiz\u00f3 la Primera Feria del Empleo en Jerez 2023. El objetivo principal de este evento fue establecer v\u00ednculos entre los jerezanos y 17 empresas ubicadas en Jerez, el estado y en el extranjero, que ofrecieron un total de 400 plazas laborales. El lugar elegido para llevar a cabo esta jornada fue la Plaza Tacuba, y el evento se desarroll\u00f3 desde las 9:00 a.m. hasta las 3:00 p.m.<\/p>\n<p>Durante la ceremonia de inauguraci\u00f3n, el Lic. Edgar Abraham Cuevas, coordinador de Reclutamiento de Grupo CAVI Montajes y Estructuras, expres\u00f3 su agradecimiento por el trabajo y el apoyo coordinado de los gobiernos para llevar a cabo estas ferias, cuyo prop\u00f3sito es facilitar la conexi\u00f3n entre los buscadores de empleo y las empresas a trav\u00e9s de la difusi\u00f3n de vacantes y una bolsa de trabajo activa. Adem\u00e1s, manifest\u00f3 su esperanza de que los asistentes encuentren oportunidades laborales.<\/p>\n<p>Asimismo, se otorg\u00f3 reconocimiento a algunas instituciones que contribuyeron a la realizaci\u00f3n de esta feria al proporcionar vacantes, tales como la C\u00e1mara Nacional de Comercio, Servicios y Turismo de Zacatecas (CANACO SERVYTUR ZAC), Grupo CAVI, Mezcalera Hermanos Rivas y la Empresa Lakeland, entre otras.<\/p>\n<p><a  href=\"https:\/\/enconecte.com\/wp-content\/uploads\/2023\/10\/Imagen-de-WhatsApp-2023-09-28-a-las-15.46.45_a3ec127e.jpg\" data-rel=\"lightbox-gallery-0\" data-rl_title=\"\" data-rl_caption=\"\" title=\"\"><img loading=\"lazy\" decoding=\"async\" class=\"alignnone size-full wp-image-23153\" src=\"https:\/\/enconecte.com\/wp-content\/uploads\/2023\/10\/Imagen-de-WhatsApp-2023-09-28-a-las-15.46.45_a3ec127e.jpg\" alt=\"\" width=\"1176\" height=\"784\" srcset=\"https:\/\/enconecte.com\/wp-content\/uploads\/2023\/10\/Imagen-de-WhatsApp-2023-09-28-a-las-15.46.45_a3ec127e.jpg 1176w, https:\/\/enconecte.com\/wp-content\/uploads\/2023\/10\/Imagen-de-WhatsApp-2023-09-28-a-las-15.46.45_a3ec127e-300x200.jpg 300w, https:\/\/enconecte.com\/wp-content\/uploads\/2023\/10\/Imagen-de-WhatsApp-2023-09-28-a-las-15.46.45_a3ec127e-1024x683.jpg 1024w, https:\/\/enconecte.com\/wp-content\/uploads\/2023\/10\/Imagen-de-WhatsApp-2023-09-28-a-las-15.46.45_a3ec127e-768x512.jpg 768w\" sizes=\"auto, (max-width: 1176px) 100vw, 1176px\" \/><\/a><\/p>\n<p>El Lic. H\u00e9ctor Hugo Ram\u00edrez Escobedo, Secretario de Gobierno de Jerez, reconoci\u00f3 la importancia de acelerar la reactivaci\u00f3n econ\u00f3mica despu\u00e9s de la severidad de la pandemia, entendiendo que estas ferias son una contribuci\u00f3n fundamental para la generaci\u00f3n de empleo.<\/p>\n<p>El Dr. Rodrigo Casta\u00f1eda Miranda, Secretario de Econom\u00eda, explic\u00f3 que de las 400 plazas laborales ofrecidas, 100 est\u00e1n destinadas a j\u00f3venes reci\u00e9n egresados, 100 para empleo en el extranjero, y que tambi\u00e9n hay disponibles m\u00e1s de 800 plazas en l\u00ednea en colaboraci\u00f3n con 35 empresas. En el evento estuvieron presentes el Lic. Jaime Osvaldo Pinedo, Subsecretario del Empleo, el Lic. David Yosafat de la Torre, Director de Desarrollo Econ\u00f3mico y Social, el Lic. Jes\u00fas Gabriel L\u00f3pez del Bosque, Director de la CANACOZAC, y el Lic. Juan Antonio Rangel Trujillo, Director del ITSJ. Adem\u00e1s, durante la jornada se ofreci\u00f3 una charla informativa sobre oportunidades de empleo en la provincia\u00a0de\u00a0Quebec.<\/p>\n","protected":false},"excerpt":{"rendered":"<p>Bajo el trabajo coordinado del Gobierno del Estado de Zacatecas, a trav\u00e9s de la Subsecretar\u00eda del Empleo, y el Gobierno Municipal de Jerez para el per\u00edodo 2021-2024, se organiz\u00f3 la Primera Feria del Empleo en Jerez 2023. El objetivo principal de este evento fue establecer v\u00ednculos entre los jerezanos y 17 empresas ubicadas en Jerez, [&hellip;]<\/p>\n","protected":false},"author":9,"featured_media":23152,"comment_status":"closed","ping_status":"closed","sticky":false,"template":"","format":"standard","meta":{"footnotes":""},"categories":[1370],"tags":[],"class_list":["post-23151","post","type-post","status-publish","format-standard","has-post-thumbnail","hentry","category-jerez"],"_links":{"self":[{"href":"https:\/\/enconecte.com\/index.php?rest_route=\/wp\/v2\/posts\/23151","targetHints":{"allow":["GET"]}}],"collection":[{"href":"https:\/\/enconecte.com\/index.php?rest_route=\/wp\/v2\/posts"}],"about":[{"href":"https:\/\/enconecte.com\/index.php?rest_route=\/wp\/v2\/types\/post"}],"author":[{"embeddable":true,"href":"https:\/\/enconecte.com\/index.php?rest_route=\/wp\/v2\/users\/9"}],"replies":[{"embeddable":true,"href":"https:\/\/enconecte.com\/index.php?rest_route=%2Fwp%2Fv2%2Fcomments&post=23151"}],"version-history":[{"count":0,"href":"https:\/\/enconecte.com\/index.php?rest_route=\/wp\/v2\/posts\/23151\/revisions"}],"wp:featuredmedia":[{"embeddable":true,"href":"https:\/\/enconecte.com\/index.php?rest_route=\/wp\/v2\/media\/23152"}],"wp:attachment":[{"href":"https:\/\/enconecte.com\/index.php?rest_route=%2Fwp%2Fv2%2Fmedia&parent=23151"}],"wp:term":[{"taxonomy":"category","embeddable":true,"href":"https:\/\/enconecte.com\/index.php?rest_route=%2Fwp%2Fv2%2Fcategories&post=23151"},{"taxonomy":"post_tag","embeddable":true,"href":"https:\/\/enconecte.com\/index.php?rest_route=%2Fwp%2Fv2%2Ftags&post=23151"}],"curies":[{"name":"wp","href":"https:\/\/api.w.org\/{rel}","templated":true}]}}