{"id":23133,"date":"2023-09-26T12:34:05","date_gmt":"2023-09-26T18:34:05","guid":{"rendered":"https:\/\/enconecte.com\/?p=23133"},"modified":"2023-09-28T12:35:00","modified_gmt":"2023-09-28T18:35:00","slug":"se-realizara-primera-feria-del-empleo-en-jerez","status":"publish","type":"post","link":"https:\/\/enconecte.com\/?p=23133","title":{"rendered":"SE REALIZAR\u00c1 PRIMERA FERIA DEL EMPLEO EN JEREZ"},"content":{"rendered":"<p>Con el objetivo de impulsar la generaci\u00f3n de empleo y el desarrollo econ\u00f3mico en el municipio de Jerez, el Gobierno del Estado de Zacatecas, a trav\u00e9s de la Secretaria de Econom\u00eda, en coordinaci\u00f3n con el H. Ayuntamiento de Jerez, invitan a la ciudadan\u00eda a participar en la Primera Feria del Empleo Jerez 2023.<\/p>\n<p>Este evento se realizar\u00e1 el pr\u00f3ximo 28 de septiembre, de 9:00 a 15:00 horas, en la Plaza Tacuba, donde se contar\u00e1 con la presencia de 17 empresas que ofertar\u00e1n 400 vacantes para diferentes perfiles y niveles educativos. Asimismo, se ofrecer\u00e1n oportunidades de empleo en el extranjero, espec\u00edficamente en Canad\u00e1 y Alemania, para quienes cuenten con los requisitos necesarios.<\/p>\n<p>La Primera Feria del Empleo Jerez 2023 es una iniciativa que busca acercar a los buscadores de empleo con las empresas que requieren personal calificado, as\u00ed como brindar orientaci\u00f3n e informaci\u00f3n sobre los programas y servicios que ofrece el Gobierno del Estado y del Municipio para apoyar a los emprendedores\u00a0y\u00a0empresarios.<\/p>\n","protected":false},"excerpt":{"rendered":"<p>Con el objetivo de impulsar la generaci\u00f3n de empleo y el desarrollo econ\u00f3mico en el municipio de Jerez, el Gobierno del Estado de Zacatecas, a trav\u00e9s de la Secretaria de Econom\u00eda, en coordinaci\u00f3n con el H. Ayuntamiento de Jerez, invitan a la ciudadan\u00eda a participar en la Primera Feria del Empleo Jerez 2023. Este evento [&hellip;]<\/p>\n","protected":false},"author":9,"featured_media":23134,"comment_status":"closed","ping_status":"closed","sticky":false,"template":"","format":"standard","meta":{"footnotes":""},"categories":[1370],"tags":[],"class_list":["post-23133","post","type-post","status-publish","format-standard","has-post-thumbnail","hentry","category-jerez"],"_links":{"self":[{"href":"https:\/\/enconecte.com\/index.php?rest_route=\/wp\/v2\/posts\/23133","targetHints":{"allow":["GET"]}}],"collection":[{"href":"https:\/\/enconecte.com\/index.php?rest_route=\/wp\/v2\/posts"}],"about":[{"href":"https:\/\/enconecte.com\/index.php?rest_route=\/wp\/v2\/types\/post"}],"author":[{"embeddable":true,"href":"https:\/\/enconecte.com\/index.php?rest_route=\/wp\/v2\/users\/9"}],"replies":[{"embeddable":true,"href":"https:\/\/enconecte.com\/index.php?rest_route=%2Fwp%2Fv2%2Fcomments&post=23133"}],"version-history":[{"count":0,"href":"https:\/\/enconecte.com\/index.php?rest_route=\/wp\/v2\/posts\/23133\/revisions"}],"wp:featuredmedia":[{"embeddable":true,"href":"https:\/\/enconecte.com\/index.php?rest_route=\/wp\/v2\/media\/23134"}],"wp:attachment":[{"href":"https:\/\/enconecte.com\/index.php?rest_route=%2Fwp%2Fv2%2Fmedia&parent=23133"}],"wp:term":[{"taxonomy":"category","embeddable":true,"href":"https:\/\/enconecte.com\/index.php?rest_route=%2Fwp%2Fv2%2Fcategories&post=23133"},{"taxonomy":"post_tag","embeddable":true,"href":"https:\/\/enconecte.com\/index.php?rest_route=%2Fwp%2Fv2%2Ftags&post=23133"}],"curies":[{"name":"wp","href":"https:\/\/api.w.org\/{rel}","templated":true}]}}