{"id":23130,"date":"2023-09-25T12:32:49","date_gmt":"2023-09-25T18:32:49","guid":{"rendered":"https:\/\/enconecte.com\/?p=23130"},"modified":"2023-09-28T12:33:49","modified_gmt":"2023-09-28T18:33:49","slug":"otro-gran-concierto-con-los-ninos-y-jovenes-del-coro-suenos-e-ilusiones-ahora-con-musica-tradicional-de-mexico","status":"publish","type":"post","link":"https:\/\/enconecte.com\/?p=23130","title":{"rendered":"OTRO GRAN CONCIERTO CON LOS NI\u00d1OS Y J\u00d3VENES DEL CORO SUE\u00d1OS E ILUSIONES, AHORA CON M\u00daSICA TRADICIONAL DE M\u00c9XICO"},"content":{"rendered":"<p>Para demostrar el crecimiento que han alcanzado en pocos meses, el coro infantil y juvenil Sue\u00f1os e Ilusiones brind\u00f3 un magn\u00edfico concierto de m\u00fasica coral mexicana en el escenario del Teatro Hinojosa, bajo la batuta del maestro Ricardo Cabrera V\u00e1zquez y el acompa\u00f1amiento al piano del maestro Julio C\u00e9sar Poot. El p\u00fablico asistente aplaudi\u00f3 con entusiasmo la actuaci\u00f3n de los ni\u00f1os y j\u00f3venes, que interpretaron temas que quiz\u00e1 no son tan familiares para ellos, pero que forman parte del acervo musical de sus abuelos y padres, quienes se sintieron orgullosos de su trabajo.<\/p>\n<p>El repertorio estuvo integrado por la Marcha Jerez del maestro Jos\u00e9 G. G\u00f3mez, La Cumbancha de Agust\u00edn Lara; Te quiero dijiste, de Mar\u00eda Grever; Solamente una Vez, del inolvidable Agust\u00edn Lara y B\u00e9same Mucho, la canci\u00f3n m\u00e1s famosa de Grever, para finalizar la secci\u00f3n rom\u00e1ntica. La segunda parte incluy\u00f3 sones populares que representan la tradici\u00f3n nacional; A la Canci\u00f3n Mexicana de Lalo Guerrero, La Canci\u00f3n Mixteca de Jos\u00e9 L\u00f3pez Alavez; Rancho Alegre de Felipe Garrido, La Feria de las Flores de Chucho Monge, La Norte\u00f1a de J. Elizondo, La Puerta del Cielo, que algunos jerezanos atribuyen a Federico M\u00e9ndez y el cierre de concierto con el son jarocho El Col\u00e1s.<\/p>\n<p>Al terminar el evento, el director de la agrupaci\u00f3n, que depende del Instituto Jerezano de Cultura (IJC), anunci\u00f3 algunos de los planes a futuro para este coro, que ya se ha convertido en un distintivo de nuestra tierra, y que espera realizar una gira nacional\u00a0el\u00a0a\u00f1o\u00a0pr\u00f3ximo.<\/p>\n<p><a  href=\"https:\/\/enconecte.com\/wp-content\/uploads\/2023\/09\/Imagen-de-WhatsApp-2023-09-25-a-las-15.25.00.jpg\" data-rel=\"lightbox-gallery-0\" data-rl_title=\"\" data-rl_caption=\"\" title=\"\"><img loading=\"lazy\" decoding=\"async\" class=\"alignnone size-full wp-image-23132\" src=\"https:\/\/enconecte.com\/wp-content\/uploads\/2023\/09\/Imagen-de-WhatsApp-2023-09-25-a-las-15.25.00.jpg\" alt=\"\" width=\"1600\" height=\"1060\" srcset=\"https:\/\/enconecte.com\/wp-content\/uploads\/2023\/09\/Imagen-de-WhatsApp-2023-09-25-a-las-15.25.00.jpg 1600w, https:\/\/enconecte.com\/wp-content\/uploads\/2023\/09\/Imagen-de-WhatsApp-2023-09-25-a-las-15.25.00-300x199.jpg 300w, https:\/\/enconecte.com\/wp-content\/uploads\/2023\/09\/Imagen-de-WhatsApp-2023-09-25-a-las-15.25.00-1024x678.jpg 1024w, https:\/\/enconecte.com\/wp-content\/uploads\/2023\/09\/Imagen-de-WhatsApp-2023-09-25-a-las-15.25.00-768x509.jpg 768w, https:\/\/enconecte.com\/wp-content\/uploads\/2023\/09\/Imagen-de-WhatsApp-2023-09-25-a-las-15.25.00-1536x1018.jpg 1536w\" sizes=\"auto, (max-width: 1600px) 100vw, 1600px\" \/><\/a><\/p>\n<p>&nbsp;<\/p>\n","protected":false},"excerpt":{"rendered":"<p>Para demostrar el crecimiento que han alcanzado en pocos meses, el coro infantil y juvenil Sue\u00f1os e Ilusiones brind\u00f3 un magn\u00edfico concierto de m\u00fasica coral mexicana en el escenario del Teatro Hinojosa, bajo la batuta del maestro Ricardo Cabrera V\u00e1zquez y el acompa\u00f1amiento al piano del maestro Julio C\u00e9sar Poot. El p\u00fablico asistente aplaudi\u00f3 con [&hellip;]<\/p>\n","protected":false},"author":9,"featured_media":23131,"comment_status":"closed","ping_status":"closed","sticky":false,"template":"","format":"standard","meta":{"footnotes":""},"categories":[1370],"tags":[],"class_list":["post-23130","post","type-post","status-publish","format-standard","has-post-thumbnail","hentry","category-jerez"],"_links":{"self":[{"href":"https:\/\/enconecte.com\/index.php?rest_route=\/wp\/v2\/posts\/23130","targetHints":{"allow":["GET"]}}],"collection":[{"href":"https:\/\/enconecte.com\/index.php?rest_route=\/wp\/v2\/posts"}],"about":[{"href":"https:\/\/enconecte.com\/index.php?rest_route=\/wp\/v2\/types\/post"}],"author":[{"embeddable":true,"href":"https:\/\/enconecte.com\/index.php?rest_route=\/wp\/v2\/users\/9"}],"replies":[{"embeddable":true,"href":"https:\/\/enconecte.com\/index.php?rest_route=%2Fwp%2Fv2%2Fcomments&post=23130"}],"version-history":[{"count":0,"href":"https:\/\/enconecte.com\/index.php?rest_route=\/wp\/v2\/posts\/23130\/revisions"}],"wp:featuredmedia":[{"embeddable":true,"href":"https:\/\/enconecte.com\/index.php?rest_route=\/wp\/v2\/media\/23131"}],"wp:attachment":[{"href":"https:\/\/enconecte.com\/index.php?rest_route=%2Fwp%2Fv2%2Fmedia&parent=23130"}],"wp:term":[{"taxonomy":"category","embeddable":true,"href":"https:\/\/enconecte.com\/index.php?rest_route=%2Fwp%2Fv2%2Fcategories&post=23130"},{"taxonomy":"post_tag","embeddable":true,"href":"https:\/\/enconecte.com\/index.php?rest_route=%2Fwp%2Fv2%2Ftags&post=23130"}],"curies":[{"name":"wp","href":"https:\/\/api.w.org\/{rel}","templated":true}]}}