{"id":23111,"date":"2023-09-22T10:31:23","date_gmt":"2023-09-22T16:31:23","guid":{"rendered":"https:\/\/enconecte.com\/?p=23111"},"modified":"2023-09-28T12:05:03","modified_gmt":"2023-09-28T18:05:03","slug":"el-departamento-de-servicios-publicos-de-jerez-continua-con-la-dignificacion-y-mejora-del-espacio-publico","status":"publish","type":"post","link":"https:\/\/enconecte.com\/?p=23111","title":{"rendered":"EL DEPARTAMENTO DE SERVICIOS P\u00daBLICOS DE JEREZ CONTIN\u00daA CON LA DIGNIFICACI\u00d3N Y MEJORA DEL ESPACIO P\u00daBLICO"},"content":{"rendered":"<p>El H. Ayuntamiento de Jerez, a trav\u00e9s de su Departamento de Servicios P\u00fablicos, sigue con su compromiso continuo con la mejora del espacio p\u00fablico en nuestra ciudad. En esta ocasi\u00f3n, se ha emprendido labores de poda y mantenimiento de los \u00e1rboles ubicados en el centro de Jerez.<\/p>\n<p>La conservaci\u00f3n de \u00e1reas verdes y arboladas es una prioridad para el Ayuntamiento de Jerez, ya que reconoce su importancia para la calidad de vida de nuestros ciudadanos y para la belleza de nuestro entorno urbano. Con este objetivo en mente, se han iniciado una serie de trabajos de poda y mantenimiento.<\/p>\n<p>Los trabajos de poda se llevar\u00e1n a cabo de manera cuidadosa y profesional, asegurando que los \u00e1rboles reciban el tratamiento adecuado para mantener su salud y vigor. Esto incluye la eliminaci\u00f3n de ramas secas o da\u00f1adas, la poda de ramas que puedan representar un peligro para la seguridad p\u00fablica, y la limpieza de las \u00e1reas circundantes para mantenerlas libres de escombros.<\/p>\n<p>Adem\u00e1s, al cuidar de nuestros \u00e1rboles, se est\u00e1 protegiendo el valioso patrimonio natural y contribuyendo a la lucha contra el cambio clim\u00e1tico al fomentar la absorci\u00f3n de di\u00f3xido de carbono y la producci\u00f3n\u00a0de\u00a0ox\u00edgeno.<\/p>\n<p><a  href=\"https:\/\/enconecte.com\/wp-content\/uploads\/2023\/09\/Imagen-de-WhatsApp-2023-09-22-a-las-11.41.54.jpg\" data-rel=\"lightbox-gallery-0\" data-rl_title=\"\" data-rl_caption=\"\" title=\"\"><img loading=\"lazy\" decoding=\"async\" class=\"alignnone size-full wp-image-23113\" src=\"https:\/\/enconecte.com\/wp-content\/uploads\/2023\/09\/Imagen-de-WhatsApp-2023-09-22-a-las-11.41.54.jpg\" alt=\"\" width=\"1200\" height=\"800\" srcset=\"https:\/\/enconecte.com\/wp-content\/uploads\/2023\/09\/Imagen-de-WhatsApp-2023-09-22-a-las-11.41.54.jpg 1200w, https:\/\/enconecte.com\/wp-content\/uploads\/2023\/09\/Imagen-de-WhatsApp-2023-09-22-a-las-11.41.54-300x200.jpg 300w, https:\/\/enconecte.com\/wp-content\/uploads\/2023\/09\/Imagen-de-WhatsApp-2023-09-22-a-las-11.41.54-1024x683.jpg 1024w, https:\/\/enconecte.com\/wp-content\/uploads\/2023\/09\/Imagen-de-WhatsApp-2023-09-22-a-las-11.41.54-768x512.jpg 768w\" sizes=\"auto, (max-width: 1200px) 100vw, 1200px\" \/><\/a><\/p>\n","protected":false},"excerpt":{"rendered":"<p>El H. Ayuntamiento de Jerez, a trav\u00e9s de su Departamento de Servicios P\u00fablicos, sigue con su compromiso continuo con la mejora del espacio p\u00fablico en nuestra ciudad. En esta ocasi\u00f3n, se ha emprendido labores de poda y mantenimiento de los \u00e1rboles ubicados en el centro de Jerez. La conservaci\u00f3n de \u00e1reas verdes y arboladas es [&hellip;]<\/p>\n","protected":false},"author":9,"featured_media":23112,"comment_status":"closed","ping_status":"closed","sticky":false,"template":"","format":"standard","meta":{"footnotes":""},"categories":[1370],"tags":[],"class_list":["post-23111","post","type-post","status-publish","format-standard","has-post-thumbnail","hentry","category-jerez"],"_links":{"self":[{"href":"https:\/\/enconecte.com\/index.php?rest_route=\/wp\/v2\/posts\/23111","targetHints":{"allow":["GET"]}}],"collection":[{"href":"https:\/\/enconecte.com\/index.php?rest_route=\/wp\/v2\/posts"}],"about":[{"href":"https:\/\/enconecte.com\/index.php?rest_route=\/wp\/v2\/types\/post"}],"author":[{"embeddable":true,"href":"https:\/\/enconecte.com\/index.php?rest_route=\/wp\/v2\/users\/9"}],"replies":[{"embeddable":true,"href":"https:\/\/enconecte.com\/index.php?rest_route=%2Fwp%2Fv2%2Fcomments&post=23111"}],"version-history":[{"count":0,"href":"https:\/\/enconecte.com\/index.php?rest_route=\/wp\/v2\/posts\/23111\/revisions"}],"wp:featuredmedia":[{"embeddable":true,"href":"https:\/\/enconecte.com\/index.php?rest_route=\/wp\/v2\/media\/23112"}],"wp:attachment":[{"href":"https:\/\/enconecte.com\/index.php?rest_route=%2Fwp%2Fv2%2Fmedia&parent=23111"}],"wp:term":[{"taxonomy":"category","embeddable":true,"href":"https:\/\/enconecte.com\/index.php?rest_route=%2Fwp%2Fv2%2Fcategories&post=23111"},{"taxonomy":"post_tag","embeddable":true,"href":"https:\/\/enconecte.com\/index.php?rest_route=%2Fwp%2Fv2%2Ftags&post=23111"}],"curies":[{"name":"wp","href":"https:\/\/api.w.org\/{rel}","templated":true}]}}