{"id":23107,"date":"2023-09-21T22:17:28","date_gmt":"2023-09-22T04:17:28","guid":{"rendered":"https:\/\/enconecte.com\/?p=23107"},"modified":"2023-09-28T12:05:03","modified_gmt":"2023-09-28T18:05:03","slug":"el-h-ayuntamiento-de-jerez-avanza-en-su-programa-de-rescate-de-espacios-publicos","status":"publish","type":"post","link":"https:\/\/enconecte.com\/?p=23107","title":{"rendered":"EL H. AYUNTAMIENTO DE JEREZ AVANZA EN SU PROGRAMA DE &#8220;RESCATE DE ESPACIOS P\u00daBLICOS&#8221;"},"content":{"rendered":"<p>El compromiso del H. Ayuntamiento de Jerez con la comunidad contin\u00faa firme con la ejecuci\u00f3n exitosa de su programa de &#8220;Rescate de Espacios P\u00fablicos&#8221;. En esta ocasi\u00f3n, las labores se centraron en el embellecimiento y el mejoramiento del jard\u00edn del Fraccionamiento Alameda.<\/p>\n<p>El evento fue encabezado por el director de Obras y Servicios P\u00fablicos, Alfredo Mar\u00edn Luna, en representaci\u00f3n del alcalde Humberto Salazar Contreras. El director Mar\u00edn Luna aprovech\u00f3 la ocasi\u00f3n para hacer un llamado a la sociedad jerezana, inst\u00e1ndola a apropiarse de estos espacios p\u00fablicos, a hacer uso de ellos y a participar activamente en su mantenimiento. Hizo hincapi\u00e9 en que estos espacios son de todos y deben ser fomentados como puntos de encuentro familiar y comunitario.<\/p>\n<p>Las labores realizadas en el jard\u00edn del Fraccionamiento Alameda incluyeron pintura, mantenimiento del mobiliario urbano, rehabilitaci\u00f3n de la iluminaci\u00f3n, cuidado y mantenimiento de los \u00e1rboles, poda de \u00e1reas verdes, as\u00ed como el mantenimiento de banquetas y andadores.<\/p>\n<p><a  href=\"https:\/\/enconecte.com\/wp-content\/uploads\/2023\/09\/Imagen-de-WhatsApp-2023-09-21-a-las-10.40.40.jpg\" data-rel=\"lightbox-gallery-0\" data-rl_title=\"\" data-rl_caption=\"\" title=\"\"><img loading=\"lazy\" decoding=\"async\" class=\"alignnone size-full wp-image-23108\" src=\"https:\/\/enconecte.com\/wp-content\/uploads\/2023\/09\/Imagen-de-WhatsApp-2023-09-21-a-las-10.40.40.jpg\" alt=\"\" width=\"1599\" height=\"1066\" srcset=\"https:\/\/enconecte.com\/wp-content\/uploads\/2023\/09\/Imagen-de-WhatsApp-2023-09-21-a-las-10.40.40.jpg 1599w, https:\/\/enconecte.com\/wp-content\/uploads\/2023\/09\/Imagen-de-WhatsApp-2023-09-21-a-las-10.40.40-300x200.jpg 300w, https:\/\/enconecte.com\/wp-content\/uploads\/2023\/09\/Imagen-de-WhatsApp-2023-09-21-a-las-10.40.40-1024x683.jpg 1024w, https:\/\/enconecte.com\/wp-content\/uploads\/2023\/09\/Imagen-de-WhatsApp-2023-09-21-a-las-10.40.40-768x512.jpg 768w, https:\/\/enconecte.com\/wp-content\/uploads\/2023\/09\/Imagen-de-WhatsApp-2023-09-21-a-las-10.40.40-1536x1024.jpg 1536w\" sizes=\"auto, (max-width: 1599px) 100vw, 1599px\" \/><\/a><\/p>\n<p>Este programa de &#8220;Rescate de Espacios P\u00fablicos&#8221; ya ha dejado su huella positiva en diversos parques y jardines del municipio de Jerez, mejorando significativamente la calidad de vida de sus habitantes y fomentando la convivencia comunitaria.<\/p>\n<p>El evento cont\u00f3 con la distinguida presencia del director de Desarrollo Econ\u00f3mico y Social, David Josafat de la Torre Pinedo; la regidora Elizabeth Murillo Guerrero; el subdirector de Servicios P\u00fablicos, Jaime Mart\u00ednez Saldivar; el jefe del Departamento de Bacheo, Manuel Espinoza; el encargado del Alumbrado P\u00fablico, Ra\u00fal Correa; y, en representaci\u00f3n de los beneficiados, la delegada F\u00e1tima Carrera\u00a0del\u00a0R\u00edo.<\/p>\n","protected":false},"excerpt":{"rendered":"<p>El compromiso del H. Ayuntamiento de Jerez con la comunidad contin\u00faa firme con la ejecuci\u00f3n exitosa de su programa de &#8220;Rescate de Espacios P\u00fablicos&#8221;. En esta ocasi\u00f3n, las labores se centraron en el embellecimiento y el mejoramiento del jard\u00edn del Fraccionamiento Alameda. El evento fue encabezado por el director de Obras y Servicios P\u00fablicos, Alfredo [&hellip;]<\/p>\n","protected":false},"author":9,"featured_media":23110,"comment_status":"closed","ping_status":"closed","sticky":false,"template":"","format":"standard","meta":{"footnotes":""},"categories":[1370],"tags":[],"class_list":["post-23107","post","type-post","status-publish","format-standard","has-post-thumbnail","hentry","category-jerez"],"_links":{"self":[{"href":"https:\/\/enconecte.com\/index.php?rest_route=\/wp\/v2\/posts\/23107","targetHints":{"allow":["GET"]}}],"collection":[{"href":"https:\/\/enconecte.com\/index.php?rest_route=\/wp\/v2\/posts"}],"about":[{"href":"https:\/\/enconecte.com\/index.php?rest_route=\/wp\/v2\/types\/post"}],"author":[{"embeddable":true,"href":"https:\/\/enconecte.com\/index.php?rest_route=\/wp\/v2\/users\/9"}],"replies":[{"embeddable":true,"href":"https:\/\/enconecte.com\/index.php?rest_route=%2Fwp%2Fv2%2Fcomments&post=23107"}],"version-history":[{"count":0,"href":"https:\/\/enconecte.com\/index.php?rest_route=\/wp\/v2\/posts\/23107\/revisions"}],"wp:featuredmedia":[{"embeddable":true,"href":"https:\/\/enconecte.com\/index.php?rest_route=\/wp\/v2\/media\/23110"}],"wp:attachment":[{"href":"https:\/\/enconecte.com\/index.php?rest_route=%2Fwp%2Fv2%2Fmedia&parent=23107"}],"wp:term":[{"taxonomy":"category","embeddable":true,"href":"https:\/\/enconecte.com\/index.php?rest_route=%2Fwp%2Fv2%2Fcategories&post=23107"},{"taxonomy":"post_tag","embeddable":true,"href":"https:\/\/enconecte.com\/index.php?rest_route=%2Fwp%2Fv2%2Ftags&post=23107"}],"curies":[{"name":"wp","href":"https:\/\/api.w.org\/{rel}","templated":true}]}}