{"id":23103,"date":"2023-09-20T22:13:11","date_gmt":"2023-09-21T04:13:11","guid":{"rendered":"https:\/\/enconecte.com\/?p=23103"},"modified":"2023-09-28T12:05:03","modified_gmt":"2023-09-28T18:05:03","slug":"con-un-proyecto-solido-comienzan-arreglos-en-la-carretera-a-santa-rita","status":"publish","type":"post","link":"https:\/\/enconecte.com\/?p=23103","title":{"rendered":"CON UN PROYECTO S\u00d3LIDO COMIENZAN ARREGLOS EN LA CARRETERA A SANTA RITA"},"content":{"rendered":"<ul>\n<li>Se realizar\u00e1 bacheo profundo en los tramos que sea necesario y superficial en las \u00e1reas menos da\u00f1adas<\/li>\n<\/ul>\n<p>Con el banderazo de salida de la maquinaria y el equipo que llevar\u00e1 a cabo los trabajos, se dio inicio a la rehabilitaci\u00f3n de la carretera Jerez Santa Rita. Esta obra representa el compromiso del alcalde Jos\u00e9 Humberto Salazar Contreras con los residentes de las comunidades beneficiadas por el proyecto. El objetivo principal es garantizar un camino transitable para todos y, al mismo tiempo, prepararlo para un pr\u00f3ximo re encarpetamiento a cargo del estado.<\/p>\n<p>El doctor Salazar record\u00f3 que esta solicitud ha sido recurrente por parte de las comunidades de la regi\u00f3n desde su campa\u00f1a pol\u00edtica. En esta ocasi\u00f3n, se est\u00e1 desarrollando un proyecto que garantiza un trabajo efectivo, que incluye no solo la aplicaci\u00f3n de material superficial, sino tambi\u00e9n un bacheo profundo y adecuado, para preparar la carretera para un re encarpetamiento de calidad.<\/p>\n<p>La obra, financiada con recursos municipales, se llevar\u00e1 a cabo en dos etapas. En las \u00e1reas m\u00e1s afectadas, se realizar\u00e1 un bacheo profundo que implicar\u00e1 la extracci\u00f3n del material da\u00f1ado por la humedad acumulada. Esto incluir\u00e1 la eliminaci\u00f3n de la carpeta, el corte normal, la remoci\u00f3n de la base y la introducci\u00f3n de nuevo material de base de alta calidad, seguido de una compactaci\u00f3n adecuada para garantizar la resistencia necesaria.<\/p>\n<p><a  href=\"https:\/\/enconecte.com\/wp-content\/uploads\/2023\/09\/Imagen-de-WhatsApp-2023-09-20-a-las-19.59.06.jpg\" data-rel=\"lightbox-gallery-0\" data-rl_title=\"\" data-rl_caption=\"\" title=\"\"><img loading=\"lazy\" decoding=\"async\" class=\"alignnone size-full wp-image-23106\" src=\"https:\/\/enconecte.com\/wp-content\/uploads\/2023\/09\/Imagen-de-WhatsApp-2023-09-20-a-las-19.59.06.jpg\" alt=\"\" width=\"1600\" height=\"1066\" srcset=\"https:\/\/enconecte.com\/wp-content\/uploads\/2023\/09\/Imagen-de-WhatsApp-2023-09-20-a-las-19.59.06.jpg 1600w, https:\/\/enconecte.com\/wp-content\/uploads\/2023\/09\/Imagen-de-WhatsApp-2023-09-20-a-las-19.59.06-300x200.jpg 300w, https:\/\/enconecte.com\/wp-content\/uploads\/2023\/09\/Imagen-de-WhatsApp-2023-09-20-a-las-19.59.06-1024x682.jpg 1024w, https:\/\/enconecte.com\/wp-content\/uploads\/2023\/09\/Imagen-de-WhatsApp-2023-09-20-a-las-19.59.06-768x512.jpg 768w, https:\/\/enconecte.com\/wp-content\/uploads\/2023\/09\/Imagen-de-WhatsApp-2023-09-20-a-las-19.59.06-1536x1023.jpg 1536w\" sizes=\"auto, (max-width: 1600px) 100vw, 1600px\" \/><\/a><\/p>\n<p>En \u00e1reas menos afectadas, se aplicar\u00e1 un bacheo superficial, seg\u00fan detall\u00f3 el director de Obras y Servicios P\u00fablicos, Alfredo Mar\u00edn Luna, y lo confirm\u00f3 el representante de la empresa, Pedro Qui\u00f1ones Torres, quien proporcion\u00f3 una explicaci\u00f3n t\u00e9cnica del proceso.<\/p>\n<p>En nombre de los beneficiarios, Rafael Orozco de la Cueva confirm\u00f3 que la solicitud de esta mejora ha sido constante desde que el doctor Salazar asumi\u00f3 la presidencia. Ha sido una necesidad apremiante para Santa Rita y las comunidades cercanas. Han buscado apoyo y seguir\u00e1n haci\u00e9ndolo, y agradecieron al alcalde por llevar a cabo esta parte del proyecto.<\/p>\n<p>El presidente mencion\u00f3 que el municipio aprovechar\u00e1 la propuesta del gobernador David Monreal \u00c1vila, presentada durante el informe de gobierno municipal, para abordar conjuntamente esta problem\u00e1tica. Se llevar\u00e1 a cabo una planificaci\u00f3n para contribuir con la parte correspondiente al municipio, y expres\u00f3 su confianza en que, antes de que termine su administraci\u00f3n, la carretera contar\u00e1 con un asfalto de alta calidad y los habitantes de estas comunidades podr\u00e1n circular por un camino digno.<\/p>\n<p><a  href=\"https:\/\/enconecte.com\/wp-content\/uploads\/2023\/09\/Imagen-de-WhatsApp-2023-09-20-a-las-19.59.05.jpg\" data-rel=\"lightbox-gallery-0\" data-rl_title=\"\" data-rl_caption=\"\" title=\"\"><img loading=\"lazy\" decoding=\"async\" class=\"alignnone size-full wp-image-23104\" src=\"https:\/\/enconecte.com\/wp-content\/uploads\/2023\/09\/Imagen-de-WhatsApp-2023-09-20-a-las-19.59.05.jpg\" alt=\"\" width=\"1600\" height=\"1066\" srcset=\"https:\/\/enconecte.com\/wp-content\/uploads\/2023\/09\/Imagen-de-WhatsApp-2023-09-20-a-las-19.59.05.jpg 1600w, https:\/\/enconecte.com\/wp-content\/uploads\/2023\/09\/Imagen-de-WhatsApp-2023-09-20-a-las-19.59.05-300x200.jpg 300w, https:\/\/enconecte.com\/wp-content\/uploads\/2023\/09\/Imagen-de-WhatsApp-2023-09-20-a-las-19.59.05-1024x682.jpg 1024w, https:\/\/enconecte.com\/wp-content\/uploads\/2023\/09\/Imagen-de-WhatsApp-2023-09-20-a-las-19.59.05-768x512.jpg 768w, https:\/\/enconecte.com\/wp-content\/uploads\/2023\/09\/Imagen-de-WhatsApp-2023-09-20-a-las-19.59.05-1536x1023.jpg 1536w\" sizes=\"auto, (max-width: 1600px) 100vw, 1600px\" \/><\/a><\/p>\n<p>En este evento, el alcalde estuvo acompa\u00f1ado por la tesorera municipal, Mar\u00eda Eva Cabral Brise\u00f1o; el director de Desarrollo Econ\u00f3mico y Social, David Josafat de la Torre Pinedo; el director del SIMAPAJ, Marco Antonio Valenzuela Esquivel; Rafael Mart\u00ednez, delegado de Santa Gertrudis; y Ram\u00f3n Ortiz Casta\u00f1\u00f3n, delegado\u00a0de\u00a0Santa\u00a0Rita.<\/p>\n","protected":false},"excerpt":{"rendered":"<p>Se realizar\u00e1 bacheo profundo en los tramos que sea necesario y superficial en las \u00e1reas menos da\u00f1adas Con el banderazo de salida de la maquinaria y el equipo que llevar\u00e1 a cabo los trabajos, se dio inicio a la rehabilitaci\u00f3n de la carretera Jerez Santa Rita. Esta obra representa el compromiso del alcalde Jos\u00e9 Humberto [&hellip;]<\/p>\n","protected":false},"author":9,"featured_media":23105,"comment_status":"closed","ping_status":"closed","sticky":false,"template":"","format":"standard","meta":{"footnotes":""},"categories":[1370],"tags":[],"class_list":["post-23103","post","type-post","status-publish","format-standard","has-post-thumbnail","hentry","category-jerez"],"_links":{"self":[{"href":"https:\/\/enconecte.com\/index.php?rest_route=\/wp\/v2\/posts\/23103","targetHints":{"allow":["GET"]}}],"collection":[{"href":"https:\/\/enconecte.com\/index.php?rest_route=\/wp\/v2\/posts"}],"about":[{"href":"https:\/\/enconecte.com\/index.php?rest_route=\/wp\/v2\/types\/post"}],"author":[{"embeddable":true,"href":"https:\/\/enconecte.com\/index.php?rest_route=\/wp\/v2\/users\/9"}],"replies":[{"embeddable":true,"href":"https:\/\/enconecte.com\/index.php?rest_route=%2Fwp%2Fv2%2Fcomments&post=23103"}],"version-history":[{"count":0,"href":"https:\/\/enconecte.com\/index.php?rest_route=\/wp\/v2\/posts\/23103\/revisions"}],"wp:featuredmedia":[{"embeddable":true,"href":"https:\/\/enconecte.com\/index.php?rest_route=\/wp\/v2\/media\/23105"}],"wp:attachment":[{"href":"https:\/\/enconecte.com\/index.php?rest_route=%2Fwp%2Fv2%2Fmedia&parent=23103"}],"wp:term":[{"taxonomy":"category","embeddable":true,"href":"https:\/\/enconecte.com\/index.php?rest_route=%2Fwp%2Fv2%2Fcategories&post=23103"},{"taxonomy":"post_tag","embeddable":true,"href":"https:\/\/enconecte.com\/index.php?rest_route=%2Fwp%2Fv2%2Ftags&post=23103"}],"curies":[{"name":"wp","href":"https:\/\/api.w.org\/{rel}","templated":true}]}}