{"id":23092,"date":"2023-09-18T22:09:03","date_gmt":"2023-09-19T04:09:03","guid":{"rendered":"https:\/\/enconecte.com\/?p=23092"},"modified":"2023-09-28T12:05:04","modified_gmt":"2023-09-28T18:05:04","slug":"visitan-autoridades-municipales-de-jerez-a-escuela-primaria-a-margarita-maza-de-juarez-para-entrega-de-equipo-educativo-digital-visual","status":"publish","type":"post","link":"https:\/\/enconecte.com\/?p=23092","title":{"rendered":"VISITAN AUTORIDADES MUNICIPALES DE JEREZ A ESCUELA PRIMARIA A MARGARITA MAZA DE JU\u00c1REZ PARA ENTREGA DE EQUIPO EDUCATIVO DIGITAL VISUAL"},"content":{"rendered":"<ul>\n<li>Evento enmarcado por honores a los l\u00e1baros patrios<\/li>\n<\/ul>\n<p>Jerez, Zac.- Este lunes por la ma\u00f1ana, se llev\u00f3 a cabo un acto c\u00edvico en la escuela primaria Margarita Maza de Ju\u00e1rez, al que asistieron autoridades de la administraci\u00f3n municipal 2021-2024. En el evento, se hizo entrega de equipo digital de apoyo pedag\u00f3gico, el cual fue gestionado por la instituci\u00f3n educativa ante el titular del municipio, con el apoyo de la coordinaci\u00f3n municipal de Educaci\u00f3n.<\/p>\n<p>Despu\u00e9s de rendir honores a la bandera, los estudiantes participaron en una ceremonia con motivo del aniversario de la Independencia de M\u00e9xico, en la que bailaron danzas folcl\u00f3ricas y realizaron una representaci\u00f3n del Grito de Independencia.<\/p>\n<p>La Mtra. Mar\u00eda Esther Ibarra Guzm\u00e1n, coordinadora de Educaci\u00f3n, en representaci\u00f3n del Dr. Jos\u00e9 Humberto Salazar Contreras, felicit\u00f3 a los alumnos, maestros y padres de familia por el acto, y reiter\u00f3 el compromiso del municipio con la educaci\u00f3n y el aprendizaje de los estudiantes de las escuelas de Jerez. Asimismo, explic\u00f3 que este apoyo fue resultado de la gesti\u00f3n realizada con anterioridad en un acto c\u00edvico en esta misma instituci\u00f3n, y entreg\u00f3 material visual para exposiciones.<\/p>\n<p>En el acto estuvieron presentes el Lic. David Josafat de la Torre Pinedo, director de Desarrollo Econ\u00f3mico y Social; Ma. Del Consuelo Trujillo Moreno, titular del departamento de Atenci\u00f3n Ciudadana y Gesti\u00f3n Social; el Mtro. Enrique Carrillo Lozano, director de la Instituci\u00f3n; la Mtra. Araceli Murillo Hern\u00e1ndez, subdirectora de la misma; y el Mtro. Alberto Solano Ram\u00edrez, vicepresidente de la Asociaci\u00f3n de Padres\u00a0de\u00a0Familia.<\/p>\n<p><a  href=\"https:\/\/enconecte.com\/wp-content\/uploads\/2023\/09\/Imagen-de-WhatsApp-2023-09-18-a-las-13.10.52.jpg\" data-rel=\"lightbox-gallery-0\" data-rl_title=\"\" data-rl_caption=\"\" title=\"\"><img loading=\"lazy\" decoding=\"async\" class=\"alignnone size-full wp-image-23094\" src=\"https:\/\/enconecte.com\/wp-content\/uploads\/2023\/09\/Imagen-de-WhatsApp-2023-09-18-a-las-13.10.52.jpg\" alt=\"\" width=\"1599\" height=\"1066\" srcset=\"https:\/\/enconecte.com\/wp-content\/uploads\/2023\/09\/Imagen-de-WhatsApp-2023-09-18-a-las-13.10.52.jpg 1599w, https:\/\/enconecte.com\/wp-content\/uploads\/2023\/09\/Imagen-de-WhatsApp-2023-09-18-a-las-13.10.52-300x200.jpg 300w, https:\/\/enconecte.com\/wp-content\/uploads\/2023\/09\/Imagen-de-WhatsApp-2023-09-18-a-las-13.10.52-1024x683.jpg 1024w, https:\/\/enconecte.com\/wp-content\/uploads\/2023\/09\/Imagen-de-WhatsApp-2023-09-18-a-las-13.10.52-768x512.jpg 768w, https:\/\/enconecte.com\/wp-content\/uploads\/2023\/09\/Imagen-de-WhatsApp-2023-09-18-a-las-13.10.52-1536x1024.jpg 1536w\" sizes=\"auto, (max-width: 1599px) 100vw, 1599px\" \/><\/a><\/p>\n","protected":false},"excerpt":{"rendered":"<p>Evento enmarcado por honores a los l\u00e1baros patrios Jerez, Zac.- Este lunes por la ma\u00f1ana, se llev\u00f3 a cabo un acto c\u00edvico en la escuela primaria Margarita Maza de Ju\u00e1rez, al que asistieron autoridades de la administraci\u00f3n municipal 2021-2024. En el evento, se hizo entrega de equipo digital de apoyo pedag\u00f3gico, el cual fue gestionado [&hellip;]<\/p>\n","protected":false},"author":9,"featured_media":23093,"comment_status":"closed","ping_status":"closed","sticky":false,"template":"","format":"standard","meta":{"footnotes":""},"categories":[1370],"tags":[],"class_list":["post-23092","post","type-post","status-publish","format-standard","has-post-thumbnail","hentry","category-jerez"],"_links":{"self":[{"href":"https:\/\/enconecte.com\/index.php?rest_route=\/wp\/v2\/posts\/23092","targetHints":{"allow":["GET"]}}],"collection":[{"href":"https:\/\/enconecte.com\/index.php?rest_route=\/wp\/v2\/posts"}],"about":[{"href":"https:\/\/enconecte.com\/index.php?rest_route=\/wp\/v2\/types\/post"}],"author":[{"embeddable":true,"href":"https:\/\/enconecte.com\/index.php?rest_route=\/wp\/v2\/users\/9"}],"replies":[{"embeddable":true,"href":"https:\/\/enconecte.com\/index.php?rest_route=%2Fwp%2Fv2%2Fcomments&post=23092"}],"version-history":[{"count":0,"href":"https:\/\/enconecte.com\/index.php?rest_route=\/wp\/v2\/posts\/23092\/revisions"}],"wp:featuredmedia":[{"embeddable":true,"href":"https:\/\/enconecte.com\/index.php?rest_route=\/wp\/v2\/media\/23093"}],"wp:attachment":[{"href":"https:\/\/enconecte.com\/index.php?rest_route=%2Fwp%2Fv2%2Fmedia&parent=23092"}],"wp:term":[{"taxonomy":"category","embeddable":true,"href":"https:\/\/enconecte.com\/index.php?rest_route=%2Fwp%2Fv2%2Fcategories&post=23092"},{"taxonomy":"post_tag","embeddable":true,"href":"https:\/\/enconecte.com\/index.php?rest_route=%2Fwp%2Fv2%2Ftags&post=23092"}],"curies":[{"name":"wp","href":"https:\/\/api.w.org\/{rel}","templated":true}]}}