{"id":23075,"date":"2023-09-14T22:01:10","date_gmt":"2023-09-15T04:01:10","guid":{"rendered":"https:\/\/enconecte.com\/?p=23075"},"modified":"2023-09-28T12:05:04","modified_gmt":"2023-09-28T18:05:04","slug":"llevan-campanas-de-prevencion-del-sucidio-a-escuelas-en-jerez","status":"publish","type":"post","link":"https:\/\/enconecte.com\/?p=23075","title":{"rendered":"LLEVAN CAMPA\u00d1AS DE PREVENCI\u00d3N DEL SUCIDIO A ESCUELAS EN JEREZ"},"content":{"rendered":"<p>El 10 de septiembre se estableci\u00f3 como el D\u00eda Mundial de la Prevenci\u00f3n del Suicidio por la Organizaci\u00f3n Mundial de la Salud (OMS). Durante todo septiembre, se llevan a cabo actividades relacionadas con este tema, lo que lo convierte en el &#8220;Mes Amarillo&#8221;. En este contexto, la administraci\u00f3n municipal 2021-2024 est\u00e1 llevando a cabo una campa\u00f1a de Prevenci\u00f3n del Suicidio dirigida a estudiantes j\u00f3venes a trav\u00e9s del Instituto Jerezano de Juventud (INJJUVE), en colaboraci\u00f3n con la Unidad de Prevenci\u00f3n del Delito de la Direcci\u00f3n de Seguridad P\u00fablica Municipal. Esta campa\u00f1a incluye charlas y actividades deportivas que comenzaron el lunes 11 y finalizar\u00e1n el viernes 22 de este mes en varias instituciones, incluyendo la secundaria Constituyentes de 1917. En esta \u00faltima instituci\u00f3n, se llev\u00f3 a cabo un torneo de f\u00fatbol como parte de los esfuerzos para prevenir este problema social.<\/p>\n<p>La Mtra. Juana Ultreras Cabral, directora de la instituci\u00f3n, dio la bienvenida y reconoci\u00f3 la importancia de abordar esta tem\u00e1tica para el desarrollo integral de los estudiantes. Destac\u00f3 que, debido a la pandemia, se ha identificado la necesidad de abordar este tema y alent\u00f3 a los j\u00f3venes a enfocarse en el deporte. Tambi\u00e9n agradeci\u00f3 el apoyo brindado por el municipio y los maestros.<\/p>\n<p><a  href=\"https:\/\/enconecte.com\/wp-content\/uploads\/2023\/09\/Imagen-de-WhatsApp-2023-09-14-a-las-18.59.07.jpg\" data-rel=\"lightbox-gallery-0\" data-rl_title=\"\" data-rl_caption=\"\" title=\"\"><img loading=\"lazy\" decoding=\"async\" class=\"alignnone size-full wp-image-23076\" src=\"https:\/\/enconecte.com\/wp-content\/uploads\/2023\/09\/Imagen-de-WhatsApp-2023-09-14-a-las-18.59.07.jpg\" alt=\"\" width=\"1280\" height=\"853\" srcset=\"https:\/\/enconecte.com\/wp-content\/uploads\/2023\/09\/Imagen-de-WhatsApp-2023-09-14-a-las-18.59.07.jpg 1280w, https:\/\/enconecte.com\/wp-content\/uploads\/2023\/09\/Imagen-de-WhatsApp-2023-09-14-a-las-18.59.07-300x200.jpg 300w, https:\/\/enconecte.com\/wp-content\/uploads\/2023\/09\/Imagen-de-WhatsApp-2023-09-14-a-las-18.59.07-1024x682.jpg 1024w, https:\/\/enconecte.com\/wp-content\/uploads\/2023\/09\/Imagen-de-WhatsApp-2023-09-14-a-las-18.59.07-768x512.jpg 768w\" sizes=\"auto, (max-width: 1280px) 100vw, 1280px\" \/><\/a><\/p>\n<p>En el mismo evento, el Mtro. Jos\u00e9 Alberto P\u00e9rez Rivera, director de Seguridad P\u00fablica Municipal, subray\u00f3 que la interacci\u00f3n social entre el gobierno y la sociedad puede ser un factor crucial para prevenir el suicidio. Por lo tanto, estas campa\u00f1as refuerzan estas acciones preventivas, y el deporte se convierte en una herramienta aliada en esta labor.<\/p>\n<p>Como representante del alcalde de Jerez, el Dr. Humberto Salazar, el Lic. Jossafat de la Torre reafirm\u00f3 el compromiso del municipio con la juventud y la salud mental de los j\u00f3venes. Reconoci\u00f3 la prevenci\u00f3n del suicidio como una responsabilidad colectiva. Adem\u00e1s, estuvieron presentes la Ing. Laura Marlinet D\u00edaz, titular del INJJUVE, y la Mtra. Ana Cecilia Baltazar, encargada de Prevenci\u00f3n del Delito. Durante el evento, se inaugur\u00f3 el torneo de f\u00fatbol y los estudiantes recibieron charlas sobre autoestima y emociones, impartidas por personal capacitado del Instituto de la Mujer Jerezana\u00a0(INMUJE).<\/p>\n","protected":false},"excerpt":{"rendered":"<p>El 10 de septiembre se estableci\u00f3 como el D\u00eda Mundial de la Prevenci\u00f3n del Suicidio por la Organizaci\u00f3n Mundial de la Salud (OMS). Durante todo septiembre, se llevan a cabo actividades relacionadas con este tema, lo que lo convierte en el &#8220;Mes Amarillo&#8221;. En este contexto, la administraci\u00f3n municipal 2021-2024 est\u00e1 llevando a cabo una [&hellip;]<\/p>\n","protected":false},"author":9,"featured_media":23077,"comment_status":"closed","ping_status":"closed","sticky":false,"template":"","format":"standard","meta":{"footnotes":""},"categories":[1370],"tags":[],"class_list":["post-23075","post","type-post","status-publish","format-standard","has-post-thumbnail","hentry","category-jerez"],"_links":{"self":[{"href":"https:\/\/enconecte.com\/index.php?rest_route=\/wp\/v2\/posts\/23075","targetHints":{"allow":["GET"]}}],"collection":[{"href":"https:\/\/enconecte.com\/index.php?rest_route=\/wp\/v2\/posts"}],"about":[{"href":"https:\/\/enconecte.com\/index.php?rest_route=\/wp\/v2\/types\/post"}],"author":[{"embeddable":true,"href":"https:\/\/enconecte.com\/index.php?rest_route=\/wp\/v2\/users\/9"}],"replies":[{"embeddable":true,"href":"https:\/\/enconecte.com\/index.php?rest_route=%2Fwp%2Fv2%2Fcomments&post=23075"}],"version-history":[{"count":0,"href":"https:\/\/enconecte.com\/index.php?rest_route=\/wp\/v2\/posts\/23075\/revisions"}],"wp:featuredmedia":[{"embeddable":true,"href":"https:\/\/enconecte.com\/index.php?rest_route=\/wp\/v2\/media\/23077"}],"wp:attachment":[{"href":"https:\/\/enconecte.com\/index.php?rest_route=%2Fwp%2Fv2%2Fmedia&parent=23075"}],"wp:term":[{"taxonomy":"category","embeddable":true,"href":"https:\/\/enconecte.com\/index.php?rest_route=%2Fwp%2Fv2%2Fcategories&post=23075"},{"taxonomy":"post_tag","embeddable":true,"href":"https:\/\/enconecte.com\/index.php?rest_route=%2Fwp%2Fv2%2Ftags&post=23075"}],"curies":[{"name":"wp","href":"https:\/\/api.w.org\/{rel}","templated":true}]}}