{"id":22976,"date":"2023-07-27T15:49:03","date_gmt":"2023-07-27T21:49:03","guid":{"rendered":"https:\/\/enconecte.com\/?p=22976"},"modified":"2023-09-02T15:49:41","modified_gmt":"2023-09-02T21:49:41","slug":"pista-cross-country-en-jerez-con-participacion-activa-de-locales-y-foraneos","status":"publish","type":"post","link":"https:\/\/enconecte.com\/?p=22976","title":{"rendered":"PISTA CROSS COUNTRY EN JEREZ CON PARTICIPACI\u00d3N ACTIVA DE LOCALES Y FOR\u00c1NEOS"},"content":{"rendered":"<p>Como parte de las actividades del Campeonato Estatal de Ciclismo 2023 y la sexta fecha, este domingo se llev\u00f3 a cabo el Cross country. Desde muy temprano, familias, deportistas y autoridades se congregaron en el lienzo charro de Tetillas, Jerez. El evento tuvo lugar en la pista Caballeros de la Loma, una ruta de 4 km en terreno monta\u00f1oso con cerros, mont\u00edculos, subidas, bajadas y los conocidos obst\u00e1culos &#8220;drop&#8221; y &#8220;chicken&#8221;. Esta actividad fue organizada por la Asociaci\u00f3n de Ciclismo del Estado de Zacatecas (ACFCREZ) en colaboraci\u00f3n con la administraci\u00f3n municipal 2021-2024, a trav\u00e9s de la Coordinaci\u00f3n Municipal del Deporte. Adem\u00e1s, el evento cont\u00f3 con el aval de la Federaci\u00f3n Mexicana de Ciclismo (FMC).<\/p>\n<p>Durante la inauguraci\u00f3n, el Arq. Fabi\u00e1n Alaniz, presidente de la ACFCREZ, anunci\u00f3 que Jerez ser\u00eda sede de una fecha de la Copa Nacional, reconociendo al municipio como una fuente importante de talento para el ciclismo de monta\u00f1a y ruta a nivel estatal y nacional. A continuaci\u00f3n, el Lic. David Yosafat de la Torre, director de Desarrollo Econ\u00f3mico y Social, elogi\u00f3 estas actividades deportivas por sus beneficios para la sociedad jerezana y para el deporte en s\u00ed. Felicit\u00f3 a los organizadores y al trabajo realizado por la coordinaci\u00f3n del Deporte.<\/p>\n<p>El campeonato se dividi\u00f3 en cuatro grupos, con una participaci\u00f3n activa de m\u00e1s de 200 ciclistas en diversas categor\u00edas. El primer grupo incluy\u00f3 las categor\u00edas infantiles, desde Strider hasta Infantil; el segundo grupo fue el de Juvenil B hasta Principiantes; el tercer grupo agrup\u00f3 a las categor\u00edas femeninas; y el cuarto grupo estuvo compuesto por las categor\u00edas masculinas. Cada grupo estaba subdividido por edades y distancias. Al finalizar la competencia, se premiaron las categor\u00edas ganadoras con una bolsa de premios que ascendi\u00f3 a casi $45,000.00 en efectivo, as\u00ed como el otorgamiento de un jersey de campe\u00f3n para el primer lugar y medallas para los primeros cinco lugares de todas\u00a0las\u00a0categor\u00edas.<\/p>\n<p><a  href=\"https:\/\/enconecte.com\/wp-content\/uploads\/2023\/09\/Imagen-de-WhatsApp-2023-08-27-a-las-18.03.08.jpg\" data-rel=\"lightbox-gallery-0\" data-rl_title=\"\" data-rl_caption=\"\" title=\"\"><img loading=\"lazy\" decoding=\"async\" class=\"alignnone size-large wp-image-22977\" src=\"https:\/\/enconecte.com\/wp-content\/uploads\/2023\/09\/Imagen-de-WhatsApp-2023-08-27-a-las-18.03.08-1024x682.jpg\" alt=\"\" width=\"640\" height=\"426\" srcset=\"https:\/\/enconecte.com\/wp-content\/uploads\/2023\/09\/Imagen-de-WhatsApp-2023-08-27-a-las-18.03.08-1024x682.jpg 1024w, https:\/\/enconecte.com\/wp-content\/uploads\/2023\/09\/Imagen-de-WhatsApp-2023-08-27-a-las-18.03.08-300x200.jpg 300w, https:\/\/enconecte.com\/wp-content\/uploads\/2023\/09\/Imagen-de-WhatsApp-2023-08-27-a-las-18.03.08-768x512.jpg 768w, https:\/\/enconecte.com\/wp-content\/uploads\/2023\/09\/Imagen-de-WhatsApp-2023-08-27-a-las-18.03.08.jpg 1280w\" sizes=\"auto, (max-width: 640px) 100vw, 640px\" \/><\/a> <a  href=\"https:\/\/enconecte.com\/wp-content\/uploads\/2023\/09\/Imagen-de-WhatsApp-2023-08-27-a-las-18.03.10.jpg\" data-rel=\"lightbox-gallery-0\" data-rl_title=\"\" data-rl_caption=\"\" title=\"\"><img loading=\"lazy\" decoding=\"async\" class=\"alignnone size-large wp-image-22978\" src=\"https:\/\/enconecte.com\/wp-content\/uploads\/2023\/09\/Imagen-de-WhatsApp-2023-08-27-a-las-18.03.10-1024x682.jpg\" alt=\"\" width=\"640\" height=\"426\" srcset=\"https:\/\/enconecte.com\/wp-content\/uploads\/2023\/09\/Imagen-de-WhatsApp-2023-08-27-a-las-18.03.10-1024x682.jpg 1024w, https:\/\/enconecte.com\/wp-content\/uploads\/2023\/09\/Imagen-de-WhatsApp-2023-08-27-a-las-18.03.10-300x200.jpg 300w, https:\/\/enconecte.com\/wp-content\/uploads\/2023\/09\/Imagen-de-WhatsApp-2023-08-27-a-las-18.03.10-768x512.jpg 768w, https:\/\/enconecte.com\/wp-content\/uploads\/2023\/09\/Imagen-de-WhatsApp-2023-08-27-a-las-18.03.10.jpg 1280w\" sizes=\"auto, (max-width: 640px) 100vw, 640px\" \/><\/a><\/p>\n","protected":false},"excerpt":{"rendered":"<p>Como parte de las actividades del Campeonato Estatal de Ciclismo 2023 y la sexta fecha, este domingo se llev\u00f3 a cabo el Cross country. Desde muy temprano, familias, deportistas y autoridades se congregaron en el lienzo charro de Tetillas, Jerez. El evento tuvo lugar en la pista Caballeros de la Loma, una ruta de 4 [&hellip;]<\/p>\n","protected":false},"author":9,"featured_media":22978,"comment_status":"closed","ping_status":"closed","sticky":false,"template":"","format":"standard","meta":{"footnotes":""},"categories":[1370],"tags":[],"class_list":["post-22976","post","type-post","status-publish","format-standard","has-post-thumbnail","hentry","category-jerez"],"_links":{"self":[{"href":"https:\/\/enconecte.com\/index.php?rest_route=\/wp\/v2\/posts\/22976","targetHints":{"allow":["GET"]}}],"collection":[{"href":"https:\/\/enconecte.com\/index.php?rest_route=\/wp\/v2\/posts"}],"about":[{"href":"https:\/\/enconecte.com\/index.php?rest_route=\/wp\/v2\/types\/post"}],"author":[{"embeddable":true,"href":"https:\/\/enconecte.com\/index.php?rest_route=\/wp\/v2\/users\/9"}],"replies":[{"embeddable":true,"href":"https:\/\/enconecte.com\/index.php?rest_route=%2Fwp%2Fv2%2Fcomments&post=22976"}],"version-history":[{"count":0,"href":"https:\/\/enconecte.com\/index.php?rest_route=\/wp\/v2\/posts\/22976\/revisions"}],"wp:featuredmedia":[{"embeddable":true,"href":"https:\/\/enconecte.com\/index.php?rest_route=\/wp\/v2\/media\/22978"}],"wp:attachment":[{"href":"https:\/\/enconecte.com\/index.php?rest_route=%2Fwp%2Fv2%2Fmedia&parent=22976"}],"wp:term":[{"taxonomy":"category","embeddable":true,"href":"https:\/\/enconecte.com\/index.php?rest_route=%2Fwp%2Fv2%2Fcategories&post=22976"},{"taxonomy":"post_tag","embeddable":true,"href":"https:\/\/enconecte.com\/index.php?rest_route=%2Fwp%2Fv2%2Ftags&post=22976"}],"curies":[{"name":"wp","href":"https:\/\/api.w.org\/{rel}","templated":true}]}}