{"id":22907,"date":"2023-07-06T13:57:13","date_gmt":"2023-07-06T19:57:13","guid":{"rendered":"https:\/\/enconecte.com\/?p=22907"},"modified":"2023-08-13T13:59:43","modified_gmt":"2023-08-13T19:59:43","slug":"programa-feria-nacional-de-fresnillo-fenafre-2023","status":"publish","type":"post","link":"https:\/\/enconecte.com\/?p=22907","title":{"rendered":"PROGRAMA FERIA NACIONAL DE FRESNILLO FENAFRE 2023"},"content":{"rendered":"<p><strong>Del\u00a018 Agosto al 3 Septiembre 2023<\/strong><\/p>\n<p>CARTELERA ART\u00cdSTICA<\/p>\n<p>Viernes 18 de agosto: Reyli Barba<\/p>\n<p>S\u00e1bado 19 de agosto: Ana B\u00e1rbara<\/p>\n<p>Domingo 20 de agosto: Remmy Valenzuela<\/p>\n<p>Lunes 21 de agosto: La Trakalosa de Monterrey, Pablo Montero<\/p>\n<p>Martes 22 de agosto: Inspector, Chucho Rivas<\/p>\n<p>Mi\u00e9rcoles 23 de agosto: Pancho Barraza<\/p>\n<p>Jueves 24 de agosto: Espinoza Paz<\/p>\n<p>Viernes 25 de agosto: La Chupitos<\/p>\n<p>S\u00e1bado 26 de agosto: \u00c1ngeles Azules<\/p>\n<p>Domingo 27 de agosto: \u00c1ngeles Negros<\/p>\n<p>Lunes 28 de agosto: Alem\u00e1n<\/p>\n<p>Martes 29 de agosto: Mijares<\/p>\n<p>Mi\u00e9rcoles 30 de agosto: Conjunto Primavera<\/p>\n<p>Jueves 31 de agosto: Mi Banda El Mexicano<\/p>\n<p>Viernes 01 de septiembre: Julio Preciado<\/p>\n<p>S\u00e1bado 02 de septiembre: Rock en Espa\u00f1ol<\/p>\n<p>Domingo 03 de septiembre: Grupo Frontera<\/p>\n","protected":false},"excerpt":{"rendered":"<p>Del\u00a018 Agosto al 3 Septiembre 2023 CARTELERA ART\u00cdSTICA Viernes 18 de agosto: Reyli Barba S\u00e1bado 19 de agosto: Ana B\u00e1rbara Domingo 20 de agosto: Remmy Valenzuela Lunes 21 de agosto: La Trakalosa de Monterrey, Pablo Montero Martes 22 de agosto: Inspector, Chucho Rivas Mi\u00e9rcoles 23 de agosto: Pancho Barraza Jueves 24 de agosto: Espinoza Paz [&hellip;]<\/p>\n","protected":false},"author":9,"featured_media":22908,"comment_status":"closed","ping_status":"closed","sticky":false,"template":"","format":"standard","meta":{"footnotes":""},"categories":[4],"tags":[],"class_list":["post-22907","post","type-post","status-publish","format-standard","has-post-thumbnail","hentry","category-entretenimiento"],"_links":{"self":[{"href":"https:\/\/enconecte.com\/index.php?rest_route=\/wp\/v2\/posts\/22907","targetHints":{"allow":["GET"]}}],"collection":[{"href":"https:\/\/enconecte.com\/index.php?rest_route=\/wp\/v2\/posts"}],"about":[{"href":"https:\/\/enconecte.com\/index.php?rest_route=\/wp\/v2\/types\/post"}],"author":[{"embeddable":true,"href":"https:\/\/enconecte.com\/index.php?rest_route=\/wp\/v2\/users\/9"}],"replies":[{"embeddable":true,"href":"https:\/\/enconecte.com\/index.php?rest_route=%2Fwp%2Fv2%2Fcomments&post=22907"}],"version-history":[{"count":0,"href":"https:\/\/enconecte.com\/index.php?rest_route=\/wp\/v2\/posts\/22907\/revisions"}],"wp:featuredmedia":[{"embeddable":true,"href":"https:\/\/enconecte.com\/index.php?rest_route=\/wp\/v2\/media\/22908"}],"wp:attachment":[{"href":"https:\/\/enconecte.com\/index.php?rest_route=%2Fwp%2Fv2%2Fmedia&parent=22907"}],"wp:term":[{"taxonomy":"category","embeddable":true,"href":"https:\/\/enconecte.com\/index.php?rest_route=%2Fwp%2Fv2%2Fcategories&post=22907"},{"taxonomy":"post_tag","embeddable":true,"href":"https:\/\/enconecte.com\/index.php?rest_route=%2Fwp%2Fv2%2Ftags&post=22907"}],"curies":[{"name":"wp","href":"https:\/\/api.w.org\/{rel}","templated":true}]}}