{"id":22787,"date":"2023-07-30T14:38:32","date_gmt":"2023-07-30T20:38:32","guid":{"rendered":"https:\/\/enconecte.com\/?p=22787"},"modified":"2023-08-13T14:45:27","modified_gmt":"2023-08-13T20:45:27","slug":"realizan-desfile-de-clausura-de-la-segunda-semana-del-migrante","status":"publish","type":"post","link":"https:\/\/enconecte.com\/?p=22787","title":{"rendered":"REALIZAN DESFILE DE CLAUSURA DE LA SEGUNDA SEMANA DEL MIGRANTE"},"content":{"rendered":"<p>Domingo festivo, como es costumbre en el alegre pueblo m\u00e1gico de Jerez, pero esta ocasi\u00f3n es especial debido a la clausura de las festividades de la Segunda Semana del Migrante, evento organizado por el gobierno municipal 2021-2024, encabezado por el Dr. Jos\u00e9 Humberto Salazar Contreras.<\/p>\n<p>Con un ambiente festivo, el desfile parti\u00f3 desde la glorieta Francisco Garc\u00eda Salinas y continu\u00f3 por las principales calles del municipio, hasta llegar al casino Jerez. El contingente, lleno de entusiasmo, particip\u00f3 en esta actividad en honor a los hermanos migrantes y alegr\u00f3 las v\u00edas jerezanas.<\/p>\n<p>Durante el recorrido, se disfrut\u00f3 de la presencia del ballet folcl\u00f3rico de la academia de danza Jackie Ultreras, adem\u00e1s de carros antiguos del &#8220;Auto Club Jerez&#8221; y la engalanada participaci\u00f3n de reinas de belleza con t\u00edtulos estatales y nacionales. El desfile finaliz\u00f3 con la presentaci\u00f3n de un representativo grupo de charros.<\/p>\n<p>Cabe mencionar tambi\u00e9n la destacada presencia de la Seguridad P\u00fablica Municipal, Protecci\u00f3n Civil de Jerez\u00a0y\u00a0Polic\u00eda\u00a0Vial.<\/p>\n<p><a  href=\"https:\/\/enconecte.com\/wp-content\/uploads\/2023\/08\/Imagen-de-WhatsApp-2023-07-30-a-las-14.58.jpg\" data-rel=\"lightbox-gallery-0\" data-rl_title=\"\" data-rl_caption=\"\" title=\"\"><img loading=\"lazy\" decoding=\"async\" class=\"alignnone size-full wp-image-22789\" src=\"https:\/\/enconecte.com\/wp-content\/uploads\/2023\/08\/Imagen-de-WhatsApp-2023-07-30-a-las-14.58.jpg\" alt=\"\" width=\"1200\" height=\"800\" srcset=\"https:\/\/enconecte.com\/wp-content\/uploads\/2023\/08\/Imagen-de-WhatsApp-2023-07-30-a-las-14.58.jpg 1200w, https:\/\/enconecte.com\/wp-content\/uploads\/2023\/08\/Imagen-de-WhatsApp-2023-07-30-a-las-14.58-300x200.jpg 300w, https:\/\/enconecte.com\/wp-content\/uploads\/2023\/08\/Imagen-de-WhatsApp-2023-07-30-a-las-14.58-1024x683.jpg 1024w, https:\/\/enconecte.com\/wp-content\/uploads\/2023\/08\/Imagen-de-WhatsApp-2023-07-30-a-las-14.58-768x512.jpg 768w\" sizes=\"auto, (max-width: 1200px) 100vw, 1200px\" \/><\/a><\/p>\n","protected":false},"excerpt":{"rendered":"<p>Domingo festivo, como es costumbre en el alegre pueblo m\u00e1gico de Jerez, pero esta ocasi\u00f3n es especial debido a la clausura de las festividades de la Segunda Semana del Migrante, evento organizado por el gobierno municipal 2021-2024, encabezado por el Dr. Jos\u00e9 Humberto Salazar Contreras. Con un ambiente festivo, el desfile parti\u00f3 desde la glorieta [&hellip;]<\/p>\n","protected":false},"author":9,"featured_media":22788,"comment_status":"closed","ping_status":"closed","sticky":false,"template":"","format":"standard","meta":{"footnotes":""},"categories":[1370],"tags":[],"class_list":["post-22787","post","type-post","status-publish","format-standard","has-post-thumbnail","hentry","category-jerez"],"_links":{"self":[{"href":"https:\/\/enconecte.com\/index.php?rest_route=\/wp\/v2\/posts\/22787","targetHints":{"allow":["GET"]}}],"collection":[{"href":"https:\/\/enconecte.com\/index.php?rest_route=\/wp\/v2\/posts"}],"about":[{"href":"https:\/\/enconecte.com\/index.php?rest_route=\/wp\/v2\/types\/post"}],"author":[{"embeddable":true,"href":"https:\/\/enconecte.com\/index.php?rest_route=\/wp\/v2\/users\/9"}],"replies":[{"embeddable":true,"href":"https:\/\/enconecte.com\/index.php?rest_route=%2Fwp%2Fv2%2Fcomments&post=22787"}],"version-history":[{"count":0,"href":"https:\/\/enconecte.com\/index.php?rest_route=\/wp\/v2\/posts\/22787\/revisions"}],"wp:featuredmedia":[{"embeddable":true,"href":"https:\/\/enconecte.com\/index.php?rest_route=\/wp\/v2\/media\/22788"}],"wp:attachment":[{"href":"https:\/\/enconecte.com\/index.php?rest_route=%2Fwp%2Fv2%2Fmedia&parent=22787"}],"wp:term":[{"taxonomy":"category","embeddable":true,"href":"https:\/\/enconecte.com\/index.php?rest_route=%2Fwp%2Fv2%2Fcategories&post=22787"},{"taxonomy":"post_tag","embeddable":true,"href":"https:\/\/enconecte.com\/index.php?rest_route=%2Fwp%2Fv2%2Ftags&post=22787"}],"curies":[{"name":"wp","href":"https:\/\/api.w.org\/{rel}","templated":true}]}}