{"id":22755,"date":"2023-07-26T14:09:55","date_gmt":"2023-07-26T20:09:55","guid":{"rendered":"https:\/\/enconecte.com\/?p=22755"},"modified":"2023-08-13T14:45:31","modified_gmt":"2023-08-13T20:45:31","slug":"evento-de-primer-nivel-en-el-marco-del-dia-del-migrante-buena-musica-y-el-espectaculo-de-rodeo","status":"publish","type":"post","link":"https:\/\/enconecte.com\/?p=22755","title":{"rendered":"EVENTO DE PRIMER NIVEL EN EL MARCO DEL D\u00cdA DEL MIGRANTE, BUENA M\u00daSICA Y EL ESPECT\u00c1CULO DE RODEO"},"content":{"rendered":"<p>La empresa de Rodeo Lomos Pandos se suma a las festividades por la Semana del Migrante y presentar\u00e1 su espect\u00e1culo durante el cuarto d\u00eda de actividades, este mi\u00e9rcoles 26, con la presentaci\u00f3n de agrupaciones locales y la actuaci\u00f3n estelar de Marco Flores y su Banda Jerez, en el Lienzo Charro Pokar de Ases.<\/p>\n<p>El espect\u00e1culo del rodeo estar\u00e1 a cargo de Lomos Pandos, con un evento familiar, que se presenta dentro de un complejo de primer nivel, completamente techado, en el que se ofrece todo lo que considera un programa de estas caracter\u00edsticas, realizado en coordinaci\u00f3n con el Comit\u00e9 Migrante.<\/p>\n<p>En conferencia de prensa, Arturo Caldera, integrante del Comit\u00e9 Migrante, se\u00f1al\u00f3 que se tuvo la idea de agregar este espect\u00e1culo, para integrar a los ni\u00f1os y personas de todas las edades en la programaci\u00f3n, mientras que Dagoberto L\u00f3pez, el popular Caguamo, coordinador de Lomos Pandos, dijo que pese a lo inesperado que fue la invitaci\u00f3n, decidieron aceptar el reto, por lo que agradeci\u00f3 a los organizadores y los patrocinadores y garantiz\u00f3 que ser\u00e1 de primer nivel.<\/p>\n<p>Jorge Acosta, locutor profesional de rodeo, expres\u00f3 que es un gusto estar de regreso, ya que hubo cuestiones de salud en el mundo que impidieron la presentaci\u00f3n de esta producci\u00f3n de una empresa jerezana y se encuentran felices de que se retome dentro de las actividades por la Segunda Semana del Migrante, en una competencia muy peculiar que se ha fortalecido en el estado de Zacatecas, que es Charros contra Vaqueros.<\/p>\n<p>A su vez, Eduardo, el l\u00edder del grupo C\u00f3digo Inicial, pronostic\u00f3 un gran ambiente con una primer preventa completamente agotada y la presentaci\u00f3n de agrupaciones jerezanas como El nono y su Banda, Conjunto Nube y la actuaci\u00f3n estelar de Marco Flores y\u00a0su\u00a0Banda\u00a0Jerez.<\/p>\n","protected":false},"excerpt":{"rendered":"<p>La empresa de Rodeo Lomos Pandos se suma a las festividades por la Semana del Migrante y presentar\u00e1 su espect\u00e1culo durante el cuarto d\u00eda de actividades, este mi\u00e9rcoles 26, con la presentaci\u00f3n de agrupaciones locales y la actuaci\u00f3n estelar de Marco Flores y su Banda Jerez, en el Lienzo Charro Pokar de Ases. El espect\u00e1culo [&hellip;]<\/p>\n","protected":false},"author":9,"featured_media":22756,"comment_status":"closed","ping_status":"closed","sticky":false,"template":"","format":"standard","meta":{"footnotes":""},"categories":[1370],"tags":[],"class_list":["post-22755","post","type-post","status-publish","format-standard","has-post-thumbnail","hentry","category-jerez"],"_links":{"self":[{"href":"https:\/\/enconecte.com\/index.php?rest_route=\/wp\/v2\/posts\/22755","targetHints":{"allow":["GET"]}}],"collection":[{"href":"https:\/\/enconecte.com\/index.php?rest_route=\/wp\/v2\/posts"}],"about":[{"href":"https:\/\/enconecte.com\/index.php?rest_route=\/wp\/v2\/types\/post"}],"author":[{"embeddable":true,"href":"https:\/\/enconecte.com\/index.php?rest_route=\/wp\/v2\/users\/9"}],"replies":[{"embeddable":true,"href":"https:\/\/enconecte.com\/index.php?rest_route=%2Fwp%2Fv2%2Fcomments&post=22755"}],"version-history":[{"count":0,"href":"https:\/\/enconecte.com\/index.php?rest_route=\/wp\/v2\/posts\/22755\/revisions"}],"wp:featuredmedia":[{"embeddable":true,"href":"https:\/\/enconecte.com\/index.php?rest_route=\/wp\/v2\/media\/22756"}],"wp:attachment":[{"href":"https:\/\/enconecte.com\/index.php?rest_route=%2Fwp%2Fv2%2Fmedia&parent=22755"}],"wp:term":[{"taxonomy":"category","embeddable":true,"href":"https:\/\/enconecte.com\/index.php?rest_route=%2Fwp%2Fv2%2Fcategories&post=22755"},{"taxonomy":"post_tag","embeddable":true,"href":"https:\/\/enconecte.com\/index.php?rest_route=%2Fwp%2Fv2%2Ftags&post=22755"}],"curies":[{"name":"wp","href":"https:\/\/api.w.org\/{rel}","templated":true}]}}