{"id":22753,"date":"2023-07-26T14:09:13","date_gmt":"2023-07-26T20:09:13","guid":{"rendered":"https:\/\/enconecte.com\/?p=22753"},"modified":"2023-08-13T14:45:31","modified_gmt":"2023-08-13T20:45:31","slug":"sustituyen-el-drenaje-en-la-calle-articulo-tercero-de-al-colonia-nueva-reforma","status":"publish","type":"post","link":"https:\/\/enconecte.com\/?p=22753","title":{"rendered":"SUSTITUYEN EL DRENAJE EN LA CALLE ART\u00cdCULO TERCERO DE AL COLONIA NUEVA REFORMA"},"content":{"rendered":"<ul>\n<li>Instruye el alcalde para el rescate del jard\u00edn frente a la Plaza de Toros<\/li>\n<\/ul>\n<p>La Direcci\u00f3n de Obras y Servicios P\u00fablicos del municipio inici\u00f3 la rehabilitaci\u00f3n del drenaje de la calle Art\u00edculo Tercero en la Colonia Nueva Reforma, ubicada al costado de la plaza de toros La Jerezana. Este proyecto beneficiar\u00e1 directamente a las familias que viven en esta \u00e1rea, as\u00ed como a algunos negocios. Adem\u00e1s, una vez finalizada la rehabilitaci\u00f3n, se podr\u00e1 programar la pavimentaci\u00f3n.<\/p>\n<p>El alcalde Jos\u00e9 Humberto Salazar Contreras dio el banderazo de inicio a esta obra, que colinda con el jard\u00edn donde se ubica el monumento a los criadores jerezanos de toros de lidia. Por indicaciones del presidente, este monumento se incluir\u00e1 en el proyecto de rescate de espacios p\u00fablicos, con acciones de mantenimiento que le dar\u00e1n una mejor visibilidad y, sobre todo, se emprender\u00e1 una campa\u00f1a de reforestaci\u00f3n.<\/p>\n<p>El director de Obras y Servicios P\u00fablicos, Alfredo Mar\u00edn Luna, inform\u00f3 que en la calle Art\u00edculo Tercero se realizar\u00e1 la sustituci\u00f3n de 117 metros lineales de tuber\u00eda de 10 pulgadas, as\u00ed como la colocaci\u00f3n de 10 descargas domiciliarias con tuber\u00eda de 6 pulgadas y dos pozos de visita. Afirm\u00f3 que es necesario reemplazar el drenaje para poder programar la pavimentaci\u00f3n, ya que es la \u00fanica calle de las que conectan hacia el acceso principal de la ciudad que no est\u00e1 pavimentada.<\/p>\n<p>Durante el recorrido, el alcalde estuvo acompa\u00f1ado por el director de Desarrollo Econ\u00f3mico y Social, David Josafat de la Torre Pinedo, as\u00ed como por los regidores Ana Yahaira F\u00e9lix Rivera, Carlos F\u00e9lix Carrillo, Luis Mario Mart\u00ednez Aparicio y Enrique\u00a0Saucedo\u00a0Moreno.<\/p>\n","protected":false},"excerpt":{"rendered":"<p>Instruye el alcalde para el rescate del jard\u00edn frente a la Plaza de Toros La Direcci\u00f3n de Obras y Servicios P\u00fablicos del municipio inici\u00f3 la rehabilitaci\u00f3n del drenaje de la calle Art\u00edculo Tercero en la Colonia Nueva Reforma, ubicada al costado de la plaza de toros La Jerezana. Este proyecto beneficiar\u00e1 directamente a las familias [&hellip;]<\/p>\n","protected":false},"author":9,"featured_media":22754,"comment_status":"closed","ping_status":"closed","sticky":false,"template":"","format":"standard","meta":{"footnotes":""},"categories":[1370],"tags":[],"class_list":["post-22753","post","type-post","status-publish","format-standard","has-post-thumbnail","hentry","category-jerez"],"_links":{"self":[{"href":"https:\/\/enconecte.com\/index.php?rest_route=\/wp\/v2\/posts\/22753","targetHints":{"allow":["GET"]}}],"collection":[{"href":"https:\/\/enconecte.com\/index.php?rest_route=\/wp\/v2\/posts"}],"about":[{"href":"https:\/\/enconecte.com\/index.php?rest_route=\/wp\/v2\/types\/post"}],"author":[{"embeddable":true,"href":"https:\/\/enconecte.com\/index.php?rest_route=\/wp\/v2\/users\/9"}],"replies":[{"embeddable":true,"href":"https:\/\/enconecte.com\/index.php?rest_route=%2Fwp%2Fv2%2Fcomments&post=22753"}],"version-history":[{"count":0,"href":"https:\/\/enconecte.com\/index.php?rest_route=\/wp\/v2\/posts\/22753\/revisions"}],"wp:featuredmedia":[{"embeddable":true,"href":"https:\/\/enconecte.com\/index.php?rest_route=\/wp\/v2\/media\/22754"}],"wp:attachment":[{"href":"https:\/\/enconecte.com\/index.php?rest_route=%2Fwp%2Fv2%2Fmedia&parent=22753"}],"wp:term":[{"taxonomy":"category","embeddable":true,"href":"https:\/\/enconecte.com\/index.php?rest_route=%2Fwp%2Fv2%2Fcategories&post=22753"},{"taxonomy":"post_tag","embeddable":true,"href":"https:\/\/enconecte.com\/index.php?rest_route=%2Fwp%2Fv2%2Ftags&post=22753"}],"curies":[{"name":"wp","href":"https:\/\/api.w.org\/{rel}","templated":true}]}}