{"id":22750,"date":"2023-07-25T14:08:19","date_gmt":"2023-07-25T20:08:19","guid":{"rendered":"https:\/\/enconecte.com\/?p=22750"},"modified":"2023-08-13T14:45:32","modified_gmt":"2023-08-13T20:45:32","slug":"plantea-el-doctor-salazar-hacer-del-estadio-ramon-lopez-velarde-un-espacio-digno-para-los-deportistas-y-sus-familias","status":"publish","type":"post","link":"https:\/\/enconecte.com\/?p=22750","title":{"rendered":"PLANTEA EL DOCTOR SALAZAR HACER DEL ESTADIO RAM\u00d3N L\u00d3PEZ VELARDE UN ESPACIO DIGNO PARA LOS DEPORTISTAS Y SUS FAMILIAS"},"content":{"rendered":"<ul>\n<li>Puso en marcha la rehabilitaci\u00f3n de los sanitarios que presentaban un estado deplorable<\/li>\n<\/ul>\n<p>Con el prop\u00f3sito de mejorar las condiciones de los sanitarios del Estadio de futbol Ram\u00f3n L\u00f3pez Velarde, el alcalde Jos\u00e9 Humberto Salazar Contreras anunci\u00f3 el inicio de las obras de rehabilitaci\u00f3n y expres\u00f3 su inter\u00e9s por convertir este espacio en un sitio adecuado para los deportistas y sus familias, la afici\u00f3n y los visitantes, por lo que solicit\u00f3 a la Direcci\u00f3n de Obras P\u00fablicas la elaboraci\u00f3n de un proyecto que contemple una transformaci\u00f3n integral.<\/p>\n<p>Durante una gira de trabajo por el municipio, el presidente visit\u00f3 el que ha sido por d\u00e9cadas el principal escenario del balompi\u00e9 local, donde se comenzaron los trabajos de renovaci\u00f3n total en la estructura interior de los sanitarios, para garantizar su correcto funcionamiento y su higiene.<\/p>\n<p>As\u00ed lo detall\u00f3 el director de Obras y Servicios P\u00fablicos Alfredo Mar\u00edn Luna, quien indic\u00f3 que se realiz\u00f3 el retiro del mobiliario anterior, as\u00ed como las puertas de acceso, para dar paso a la rehabilitaci\u00f3n de la red el\u00e9ctrica, construcci\u00f3n de muros divisionales interiores, barra lavamanos de concreto, aplanados sobre superficie, colocaci\u00f3n de piso cer\u00e1mico y azulejo, pintura interior y exterior, rehabilitaci\u00f3n de ventanas y puertas, rehabilitaci\u00f3n de muros divisorios de herrer\u00eda, canceler\u00eda para m\u00f3dulos de migitorios y regaderas, instalaci\u00f3n de tinaco y calentador.<\/p>\n<p>Se instalar\u00e1n diversos elementos como una banca, barras de apoyo, ganchos, dispensadores de jab\u00f3n y papel, y recipientes para residuos; el proyecto se completar\u00e1 con la edificaci\u00f3n de jardineras en el exterior, plantaci\u00f3n de vegetaci\u00f3n ornamental, edificaci\u00f3n de aceras y registro sanitario, adem\u00e1s de impermeabilizaci\u00f3n con tres capas.<\/p>\n<p>El doctor Salazar resalt\u00f3 la intenci\u00f3n del gobierno que preside, de recuperar los espacios p\u00fablicos para el beneficio de la poblaci\u00f3n y asegur\u00f3 que en el caso de los sanitarios del estadio Ram\u00f3n L\u00f3pez Velarde, que estaban en estado lamentable, se efectuar\u00e1 una remodelaci\u00f3n que ser\u00e1 casi como edificarlos de nuevo.<\/p>\n<p><a  href=\"https:\/\/enconecte.com\/wp-content\/uploads\/2023\/08\/Imagen-de-WhatsApp-2023-07-25-a-las-17.19.32.jpg\" data-rel=\"lightbox-gallery-0\" data-rl_title=\"\" data-rl_caption=\"\" title=\"\"><img loading=\"lazy\" decoding=\"async\" class=\"alignnone size-full wp-image-22751\" src=\"https:\/\/enconecte.com\/wp-content\/uploads\/2023\/08\/Imagen-de-WhatsApp-2023-07-25-a-las-17.19.32.jpg\" alt=\"\" width=\"1600\" height=\"1066\" srcset=\"https:\/\/enconecte.com\/wp-content\/uploads\/2023\/08\/Imagen-de-WhatsApp-2023-07-25-a-las-17.19.32.jpg 1600w, https:\/\/enconecte.com\/wp-content\/uploads\/2023\/08\/Imagen-de-WhatsApp-2023-07-25-a-las-17.19.32-300x200.jpg 300w, https:\/\/enconecte.com\/wp-content\/uploads\/2023\/08\/Imagen-de-WhatsApp-2023-07-25-a-las-17.19.32-1024x682.jpg 1024w, https:\/\/enconecte.com\/wp-content\/uploads\/2023\/08\/Imagen-de-WhatsApp-2023-07-25-a-las-17.19.32-768x512.jpg 768w, https:\/\/enconecte.com\/wp-content\/uploads\/2023\/08\/Imagen-de-WhatsApp-2023-07-25-a-las-17.19.32-1536x1023.jpg 1536w\" sizes=\"auto, (max-width: 1600px) 100vw, 1600px\" \/><\/a><\/p>\n<p>Del mismo modo, al efectuar un recorrido por todo el espacio deportivo, verific\u00f3 el trabajo de restauraci\u00f3n de una parte de la malla cicl\u00f3nica, y solicit\u00f3 a su equipo realizar un diagn\u00f3stico, con el prop\u00f3sito de dar mayor realce, con jardiner\u00eda en el lugar donde hoy solo hay hierba crecida que da mal aspecto, adem\u00e1s de contemplar otros aspectos que favorezcan a quienes practican\u00a0el\u00a0deporte.<\/p>\n","protected":false},"excerpt":{"rendered":"<p>Puso en marcha la rehabilitaci\u00f3n de los sanitarios que presentaban un estado deplorable Con el prop\u00f3sito de mejorar las condiciones de los sanitarios del Estadio de futbol Ram\u00f3n L\u00f3pez Velarde, el alcalde Jos\u00e9 Humberto Salazar Contreras anunci\u00f3 el inicio de las obras de rehabilitaci\u00f3n y expres\u00f3 su inter\u00e9s por convertir este espacio en un sitio [&hellip;]<\/p>\n","protected":false},"author":9,"featured_media":22752,"comment_status":"closed","ping_status":"closed","sticky":false,"template":"","format":"standard","meta":{"footnotes":""},"categories":[1370],"tags":[],"class_list":["post-22750","post","type-post","status-publish","format-standard","has-post-thumbnail","hentry","category-jerez"],"_links":{"self":[{"href":"https:\/\/enconecte.com\/index.php?rest_route=\/wp\/v2\/posts\/22750","targetHints":{"allow":["GET"]}}],"collection":[{"href":"https:\/\/enconecte.com\/index.php?rest_route=\/wp\/v2\/posts"}],"about":[{"href":"https:\/\/enconecte.com\/index.php?rest_route=\/wp\/v2\/types\/post"}],"author":[{"embeddable":true,"href":"https:\/\/enconecte.com\/index.php?rest_route=\/wp\/v2\/users\/9"}],"replies":[{"embeddable":true,"href":"https:\/\/enconecte.com\/index.php?rest_route=%2Fwp%2Fv2%2Fcomments&post=22750"}],"version-history":[{"count":0,"href":"https:\/\/enconecte.com\/index.php?rest_route=\/wp\/v2\/posts\/22750\/revisions"}],"wp:featuredmedia":[{"embeddable":true,"href":"https:\/\/enconecte.com\/index.php?rest_route=\/wp\/v2\/media\/22752"}],"wp:attachment":[{"href":"https:\/\/enconecte.com\/index.php?rest_route=%2Fwp%2Fv2%2Fmedia&parent=22750"}],"wp:term":[{"taxonomy":"category","embeddable":true,"href":"https:\/\/enconecte.com\/index.php?rest_route=%2Fwp%2Fv2%2Fcategories&post=22750"},{"taxonomy":"post_tag","embeddable":true,"href":"https:\/\/enconecte.com\/index.php?rest_route=%2Fwp%2Fv2%2Ftags&post=22750"}],"curies":[{"name":"wp","href":"https:\/\/api.w.org\/{rel}","templated":true}]}}