{"id":22747,"date":"2023-07-25T14:07:11","date_gmt":"2023-07-25T20:07:11","guid":{"rendered":"https:\/\/enconecte.com\/?p=22747"},"modified":"2023-08-13T14:45:32","modified_gmt":"2023-08-13T20:45:32","slug":"reconocen-la-trayectoria-de-destacados-migrantes-jerezanos","status":"publish","type":"post","link":"https:\/\/enconecte.com\/?p=22747","title":{"rendered":"RECONOCEN LA TRAYECTORIA DE DESTACADOS MIGRANTES JEREZANOS"},"content":{"rendered":"<ul>\n<li>F\u00edsicamente estamos de aquel lado, pero nuestro esp\u00edritu permanece en M\u00e9xico<\/li>\n<\/ul>\n<p>Como parte de los festejos de la Semana del Migrante, institucionalizada por el Ayuntamiento 2021-2024, el alcalde Jos\u00e9 Humberto Salazar Contreras reconoci\u00f3 la trayectoria de un grupo de jerezanos que, con su trabajo diario m\u00e1s all\u00e1 de las fronteras, han puesto en alto el nombre de su patria chica.<br \/>\nEl Teatro Hinojosa fue el recinto en el que se desarroll\u00f3 la ceremonia central, donde el doctor Salazar se\u00f1al\u00f3 que la intensi\u00f3n de esta acci\u00f3n, es reconocer y agradecer a todos los que en un momento dado, salieron de su tierra buscando una mejor calidad de vida y afirm\u00f3 que los migrantes son la fuerza de M\u00e9xico, pues es sabido que el municipio, el estado y el pa\u00eds, se mueven en gran medida gracias a su trabajo.<\/p>\n<p>Hizo un breve recuento de la historia migratoria, que tuvo su parteaguas a partir de los llamados braceros y valor\u00f3 lo que muchos de los paisanos vivieron al cruzar la frontera en situaciones cr\u00edticas, atravesando el desierto, el r\u00edo o incluso pasando escondidos en la cajuela de un coche.<\/p>\n<p>A nombre del grupo de condecorados, Victoriano Aparicio Olague mostr\u00f3 el orgullo por este reconocimiento, que consider\u00f3 una distinci\u00f3n para todos los migrantes; habl\u00f3 de las dificultades de cruzar la frontera sin papeles, como fue su caso, record\u00f3 a quienes quedaron en el camino o los que ya no pudieron regresar nunca a su tierra. Dijo que en el propio coraz\u00f3n ha sentido la muerte de alg\u00fan familiar y no poder por los menos venir a darle sepultura como es costumbre. Se\u00f1al\u00f3 que, aunque los migrantes est\u00e1n en cuerpo de aquel lado, su esp\u00edritu permanece aqu\u00ed, porque \u201cM\u00e9xico es nuestra Patria, nuestra sangre.\u201d<\/p>\n<p>Luego de realizarse la proyecci\u00f3n en la que se mostr\u00f3 a cada uno de los jerezanos propuestos para esta condecoraci\u00f3n, se hizo entrega de manera personal a quienes pudieron acudir o alg\u00fan representante de aquellos que fueron galardonados en forma p\u00f3stuma, mientras que se hizo menci\u00f3n de los que por cuestiones diversas no les fue posible estar presentes.<\/p>\n<p><a  href=\"https:\/\/enconecte.com\/wp-content\/uploads\/2023\/08\/Imagen-de-WhatsApp-2023-07-25-a-las-13.26.57.jpg\" data-rel=\"lightbox-gallery-0\" data-rl_title=\"\" data-rl_caption=\"\" title=\"\"><img loading=\"lazy\" decoding=\"async\" class=\"alignnone size-full wp-image-22748\" src=\"https:\/\/enconecte.com\/wp-content\/uploads\/2023\/08\/Imagen-de-WhatsApp-2023-07-25-a-las-13.26.57.jpg\" alt=\"\" width=\"1280\" height=\"853\" srcset=\"https:\/\/enconecte.com\/wp-content\/uploads\/2023\/08\/Imagen-de-WhatsApp-2023-07-25-a-las-13.26.57.jpg 1280w, https:\/\/enconecte.com\/wp-content\/uploads\/2023\/08\/Imagen-de-WhatsApp-2023-07-25-a-las-13.26.57-300x200.jpg 300w, https:\/\/enconecte.com\/wp-content\/uploads\/2023\/08\/Imagen-de-WhatsApp-2023-07-25-a-las-13.26.57-1024x682.jpg 1024w, https:\/\/enconecte.com\/wp-content\/uploads\/2023\/08\/Imagen-de-WhatsApp-2023-07-25-a-las-13.26.57-768x512.jpg 768w\" sizes=\"auto, (max-width: 1280px) 100vw, 1280px\" \/><\/a><\/p>\n<p>Los galardonados son el expresidente y exdiputado federal migrante Andr\u00e9s Berm\u00fadez Viramontes, el vicealcalde de Aurora, Illinois, Guillermo Trujillo; la religiosa Magdalena de la Torre Aparicio, el profesionista Rafael Alcalde Navarro, el empresario transportista Ra\u00fal Muro Murillo, el productor agr\u00edcola, inversionista y pol\u00edtico Salvador Espinoza, el m\u00fasico y compositor Victoriano Aparicio Olague y el activista comunitario y l\u00edder social Roberto Primitivo \u00c1vila Galv\u00e1n.<\/p>\n<p>Asimismo, se tribut\u00f3 el reconocimiento del p\u00fablico en forma simb\u00f3lica y se har\u00e1 llegar la condecoraci\u00f3n a Felipe y Jos\u00e9 Guadalupe Carlos D\u00edaz, a Jos\u00e9 Luis Ord\u00f3\u00f1ez, Guadalupe P\u00e9rez Robles, Diego Berm\u00fadez, Jessica Flores y Blanca Barajas, que tambi\u00e9n fueron propuestos a trav\u00e9s de la convocatoria respectiva, para la distinci\u00f3n como migrantes\u00a0destacados.<\/p>\n","protected":false},"excerpt":{"rendered":"<p>F\u00edsicamente estamos de aquel lado, pero nuestro esp\u00edritu permanece en M\u00e9xico Como parte de los festejos de la Semana del Migrante, institucionalizada por el Ayuntamiento 2021-2024, el alcalde Jos\u00e9 Humberto Salazar Contreras reconoci\u00f3 la trayectoria de un grupo de jerezanos que, con su trabajo diario m\u00e1s all\u00e1 de las fronteras, han puesto en alto el [&hellip;]<\/p>\n","protected":false},"author":9,"featured_media":22749,"comment_status":"closed","ping_status":"closed","sticky":false,"template":"","format":"standard","meta":{"footnotes":""},"categories":[1370],"tags":[],"class_list":["post-22747","post","type-post","status-publish","format-standard","has-post-thumbnail","hentry","category-jerez"],"_links":{"self":[{"href":"https:\/\/enconecte.com\/index.php?rest_route=\/wp\/v2\/posts\/22747","targetHints":{"allow":["GET"]}}],"collection":[{"href":"https:\/\/enconecte.com\/index.php?rest_route=\/wp\/v2\/posts"}],"about":[{"href":"https:\/\/enconecte.com\/index.php?rest_route=\/wp\/v2\/types\/post"}],"author":[{"embeddable":true,"href":"https:\/\/enconecte.com\/index.php?rest_route=\/wp\/v2\/users\/9"}],"replies":[{"embeddable":true,"href":"https:\/\/enconecte.com\/index.php?rest_route=%2Fwp%2Fv2%2Fcomments&post=22747"}],"version-history":[{"count":0,"href":"https:\/\/enconecte.com\/index.php?rest_route=\/wp\/v2\/posts\/22747\/revisions"}],"wp:featuredmedia":[{"embeddable":true,"href":"https:\/\/enconecte.com\/index.php?rest_route=\/wp\/v2\/media\/22749"}],"wp:attachment":[{"href":"https:\/\/enconecte.com\/index.php?rest_route=%2Fwp%2Fv2%2Fmedia&parent=22747"}],"wp:term":[{"taxonomy":"category","embeddable":true,"href":"https:\/\/enconecte.com\/index.php?rest_route=%2Fwp%2Fv2%2Fcategories&post=22747"},{"taxonomy":"post_tag","embeddable":true,"href":"https:\/\/enconecte.com\/index.php?rest_route=%2Fwp%2Fv2%2Ftags&post=22747"}],"curies":[{"name":"wp","href":"https:\/\/api.w.org\/{rel}","templated":true}]}}