{"id":22733,"date":"2023-07-23T14:01:46","date_gmt":"2023-07-23T20:01:46","guid":{"rendered":"https:\/\/enconecte.com\/?p=22733"},"modified":"2023-08-13T14:45:34","modified_gmt":"2023-08-13T20:45:34","slug":"recrean-la-fiesta-del-sabado-de-gloria-en-el-inicio-de-la-segunda-semana-del-migrante-en-jerez","status":"publish","type":"post","link":"https:\/\/enconecte.com\/?p=22733","title":{"rendered":"RECREAN LA FIESTA DEL S\u00c1BADO DE GLORIA, EN EL INICIO DE LA SEGUNDA SEMANA DEL MIGRANTE EN JEREZ"},"content":{"rendered":"<ul>\n<li>Se realiz\u00f3 la Cabalgata y la quema de Judas<\/li>\n<\/ul>\n<p>La cabalgata t\u00edpica y la quema de Judas, tradiciones que distinguen al Pueblo M\u00e1gico m\u00e1s alegre de M\u00e9xico, fueron parte de la programaci\u00f3n del primer d\u00eda de actividades de la segunda edici\u00f3n de la Semana del Migrante, una iniciativa del Ayuntamiento 2021-2024 y paisanos radicados en Estados Unidos, que se realiza por segundo a\u00f1o consecutivo.<\/p>\n<p>El alcalde Jos\u00e9 Humberto Salazar Contreras encabez\u00f3 el recorrido en el que participaron cientos de jinetes, en su mayor\u00eda migrantes, que partieron desde el Puente del R\u00edo Grande hasta el jard\u00edn principal, continuando por la Presidencia Municipal y luego llegaron al Santuario de la Soledad, para seguir por la calle Aurora, la Parroquia y finalmente retornar al Jard\u00edn principal.<\/p>\n<p>Asimismo, se llev\u00f3 a cabo una recreaci\u00f3n del tradicional S\u00e1bado de Gloria, con la quema de Judas, que se colocaron en diversos puntos del centro de la ciudad, donde cientos de personas se concentraron para presenciar el espect\u00e1culo y captar con sus dispositivos m\u00f3viles las im\u00e1genes que ya se est\u00e1n difundiendo a trav\u00e9s de redes sociales.<\/p>\n<p><a  href=\"https:\/\/enconecte.com\/wp-content\/uploads\/2023\/08\/Imagen-de-WhatsApp-2023-07-23-a-las-14.17.40.jpg\" data-rel=\"lightbox-gallery-0\" data-rl_title=\"\" data-rl_caption=\"\" title=\"\"><img loading=\"lazy\" decoding=\"async\" class=\"alignnone size-full wp-image-22734\" src=\"https:\/\/enconecte.com\/wp-content\/uploads\/2023\/08\/Imagen-de-WhatsApp-2023-07-23-a-las-14.17.40.jpg\" alt=\"\" width=\"1599\" height=\"1066\" srcset=\"https:\/\/enconecte.com\/wp-content\/uploads\/2023\/08\/Imagen-de-WhatsApp-2023-07-23-a-las-14.17.40.jpg 1599w, https:\/\/enconecte.com\/wp-content\/uploads\/2023\/08\/Imagen-de-WhatsApp-2023-07-23-a-las-14.17.40-300x200.jpg 300w, https:\/\/enconecte.com\/wp-content\/uploads\/2023\/08\/Imagen-de-WhatsApp-2023-07-23-a-las-14.17.40-1024x683.jpg 1024w, https:\/\/enconecte.com\/wp-content\/uploads\/2023\/08\/Imagen-de-WhatsApp-2023-07-23-a-las-14.17.40-768x512.jpg 768w, https:\/\/enconecte.com\/wp-content\/uploads\/2023\/08\/Imagen-de-WhatsApp-2023-07-23-a-las-14.17.40-1536x1024.jpg 1536w\" sizes=\"auto, (max-width: 1599px) 100vw, 1599px\" \/><\/a><\/p>\n<p>La fiesta se extendi\u00f3 hacia las principales negociaciones del centro de la ciudad, que se vieron animadas. Adem\u00e1s, las bandas de m\u00fasica y otros grupos de filarm\u00f3nicos realizaron presentaciones en diversos puntos del jard\u00edn y sus alrededores, a\u00f1adiendo un toque festivo a la Segunda Semana del Migrante.<\/p>\n<p>La celebraci\u00f3n continuar\u00e1 hasta el pr\u00f3ximo domingo con actividades art\u00edsticas, culturales, deportivas y tradiciones como las charreadas, coleaderos y otras; el elenco art\u00edstico iniciar\u00e1 esta noche con la actuaci\u00f3n estelar de Remy Valenzuela en el estadio de B\u00e9isbol, un evento con acceso\u00a0gratuito.<\/p>\n","protected":false},"excerpt":{"rendered":"<p>Se realiz\u00f3 la Cabalgata y la quema de Judas La cabalgata t\u00edpica y la quema de Judas, tradiciones que distinguen al Pueblo M\u00e1gico m\u00e1s alegre de M\u00e9xico, fueron parte de la programaci\u00f3n del primer d\u00eda de actividades de la segunda edici\u00f3n de la Semana del Migrante, una iniciativa del Ayuntamiento 2021-2024 y paisanos radicados en [&hellip;]<\/p>\n","protected":false},"author":9,"featured_media":22731,"comment_status":"closed","ping_status":"closed","sticky":false,"template":"","format":"standard","meta":{"footnotes":""},"categories":[1370],"tags":[],"class_list":["post-22733","post","type-post","status-publish","format-standard","has-post-thumbnail","hentry","category-jerez"],"_links":{"self":[{"href":"https:\/\/enconecte.com\/index.php?rest_route=\/wp\/v2\/posts\/22733","targetHints":{"allow":["GET"]}}],"collection":[{"href":"https:\/\/enconecte.com\/index.php?rest_route=\/wp\/v2\/posts"}],"about":[{"href":"https:\/\/enconecte.com\/index.php?rest_route=\/wp\/v2\/types\/post"}],"author":[{"embeddable":true,"href":"https:\/\/enconecte.com\/index.php?rest_route=\/wp\/v2\/users\/9"}],"replies":[{"embeddable":true,"href":"https:\/\/enconecte.com\/index.php?rest_route=%2Fwp%2Fv2%2Fcomments&post=22733"}],"version-history":[{"count":0,"href":"https:\/\/enconecte.com\/index.php?rest_route=\/wp\/v2\/posts\/22733\/revisions"}],"wp:featuredmedia":[{"embeddable":true,"href":"https:\/\/enconecte.com\/index.php?rest_route=\/wp\/v2\/media\/22731"}],"wp:attachment":[{"href":"https:\/\/enconecte.com\/index.php?rest_route=%2Fwp%2Fv2%2Fmedia&parent=22733"}],"wp:term":[{"taxonomy":"category","embeddable":true,"href":"https:\/\/enconecte.com\/index.php?rest_route=%2Fwp%2Fv2%2Fcategories&post=22733"},{"taxonomy":"post_tag","embeddable":true,"href":"https:\/\/enconecte.com\/index.php?rest_route=%2Fwp%2Fv2%2Ftags&post=22733"}],"curies":[{"name":"wp","href":"https:\/\/api.w.org\/{rel}","templated":true}]}}