{"id":22730,"date":"2023-07-23T14:01:12","date_gmt":"2023-07-23T20:01:12","guid":{"rendered":"https:\/\/enconecte.com\/?p=22730"},"modified":"2023-08-13T14:45:35","modified_gmt":"2023-08-13T20:45:35","slug":"inician-actividades-en-jerez-de-la-semana-del-migrante-con-una-ofrenda-floral","status":"publish","type":"post","link":"https:\/\/enconecte.com\/?p=22730","title":{"rendered":"INICIAN ACTIVIDADES EN JEREZ DE LA SEMANA DEL MIGRANTE CON UNA OFRENDA FLORAL"},"content":{"rendered":"<p>Con la colocaci\u00f3n de una ofrenda floral frente al monumento que se encuentra en el acceso principal del Parque de la Feria, se dieron inicio a las actividades de la Segunda Semana del Migrante, organizada por el Ayuntamiento de Jerez, con el fin de honrar a aquellos jerezanos que en su d\u00eda tuvieron que dejar su patria chica en busca de mejores horizontes.<\/p>\n<p>El alcalde Jos\u00e9 Humberto Salazar Contreras encabez\u00f3 la ceremonia, acompa\u00f1ado de representantes de la belleza Jerezana, jinetes y funcionarios del gobierno municipal, quienes se reunieron en torno a la imagen representativa de la migraci\u00f3n, ubicada en este sitio cercano a la entrada principal de la ciudad.<\/p>\n<p>Asimismo, algunos migrantes que pasan estos d\u00edas con sus familias se hicieron presentes en el homenaje que, a trav\u00e9s de ellos, se rinde a miles de jerezanos que se encuentran m\u00e1s all\u00e1 de las fronteras.<\/p>\n<p><a  href=\"https:\/\/enconecte.com\/wp-content\/uploads\/2023\/08\/Imagen-de-WhatsApp-2023-07-23-a-las-14.17.38.jpg\" data-rel=\"lightbox-gallery-0\" data-rl_title=\"\" data-rl_caption=\"\" title=\"\"><img loading=\"lazy\" decoding=\"async\" class=\"alignnone size-full wp-image-22731\" src=\"https:\/\/enconecte.com\/wp-content\/uploads\/2023\/08\/Imagen-de-WhatsApp-2023-07-23-a-las-14.17.38.jpg\" alt=\"\" width=\"1599\" height=\"1066\" srcset=\"https:\/\/enconecte.com\/wp-content\/uploads\/2023\/08\/Imagen-de-WhatsApp-2023-07-23-a-las-14.17.38.jpg 1599w, https:\/\/enconecte.com\/wp-content\/uploads\/2023\/08\/Imagen-de-WhatsApp-2023-07-23-a-las-14.17.38-300x200.jpg 300w, https:\/\/enconecte.com\/wp-content\/uploads\/2023\/08\/Imagen-de-WhatsApp-2023-07-23-a-las-14.17.38-1024x683.jpg 1024w, https:\/\/enconecte.com\/wp-content\/uploads\/2023\/08\/Imagen-de-WhatsApp-2023-07-23-a-las-14.17.38-768x512.jpg 768w, https:\/\/enconecte.com\/wp-content\/uploads\/2023\/08\/Imagen-de-WhatsApp-2023-07-23-a-las-14.17.38-1536x1024.jpg 1536w\" sizes=\"auto, (max-width: 1599px) 100vw, 1599px\" \/><\/a><\/p>\n<p>La m\u00fasica de banda dio el toque especial al evento, con la interpretaci\u00f3n de melod\u00edas de la tradici\u00f3n regional, como la Marcha de Zacatecas, El Caballo Mojino y otras que son s\u00edmbolo de identidad de nuestros\u00a0paisanos.<\/p>\n","protected":false},"excerpt":{"rendered":"<p>Con la colocaci\u00f3n de una ofrenda floral frente al monumento que se encuentra en el acceso principal del Parque de la Feria, se dieron inicio a las actividades de la Segunda Semana del Migrante, organizada por el Ayuntamiento de Jerez, con el fin de honrar a aquellos jerezanos que en su d\u00eda tuvieron que dejar [&hellip;]<\/p>\n","protected":false},"author":9,"featured_media":22732,"comment_status":"closed","ping_status":"closed","sticky":false,"template":"","format":"standard","meta":{"footnotes":""},"categories":[1370],"tags":[],"class_list":["post-22730","post","type-post","status-publish","format-standard","has-post-thumbnail","hentry","category-jerez"],"_links":{"self":[{"href":"https:\/\/enconecte.com\/index.php?rest_route=\/wp\/v2\/posts\/22730","targetHints":{"allow":["GET"]}}],"collection":[{"href":"https:\/\/enconecte.com\/index.php?rest_route=\/wp\/v2\/posts"}],"about":[{"href":"https:\/\/enconecte.com\/index.php?rest_route=\/wp\/v2\/types\/post"}],"author":[{"embeddable":true,"href":"https:\/\/enconecte.com\/index.php?rest_route=\/wp\/v2\/users\/9"}],"replies":[{"embeddable":true,"href":"https:\/\/enconecte.com\/index.php?rest_route=%2Fwp%2Fv2%2Fcomments&post=22730"}],"version-history":[{"count":0,"href":"https:\/\/enconecte.com\/index.php?rest_route=\/wp\/v2\/posts\/22730\/revisions"}],"wp:featuredmedia":[{"embeddable":true,"href":"https:\/\/enconecte.com\/index.php?rest_route=\/wp\/v2\/media\/22732"}],"wp:attachment":[{"href":"https:\/\/enconecte.com\/index.php?rest_route=%2Fwp%2Fv2%2Fmedia&parent=22730"}],"wp:term":[{"taxonomy":"category","embeddable":true,"href":"https:\/\/enconecte.com\/index.php?rest_route=%2Fwp%2Fv2%2Fcategories&post=22730"},{"taxonomy":"post_tag","embeddable":true,"href":"https:\/\/enconecte.com\/index.php?rest_route=%2Fwp%2Fv2%2Ftags&post=22730"}],"curies":[{"name":"wp","href":"https:\/\/api.w.org\/{rel}","templated":true}]}}