{"id":22727,"date":"2023-07-22T14:00:10","date_gmt":"2023-07-22T20:00:10","guid":{"rendered":"https:\/\/enconecte.com\/?p=22727"},"modified":"2023-08-13T14:45:35","modified_gmt":"2023-08-13T20:45:35","slug":"el-campo-es-actividad-prioritaria-para-el-gobierno-municipal-y-estatal-aseguro-el-alcalde-humberto-salazar","status":"publish","type":"post","link":"https:\/\/enconecte.com\/?p=22727","title":{"rendered":"EL CAMPO ES ACTIVIDAD PRIORITARIA PARA EL GOBIERNO MUNICIPAL Y ESTATAL, ASEGUR\u00d3 EL ALCALDE HUMBERTO SALAZAR"},"content":{"rendered":"<p>Al encabezar, junto con el Gobernador del estado, la Expo Agropecuaria 2023, enmarcada en el programa de concurrencia con municipios 2023, el Alcalde Jos\u00e9 Humberto Salazar Contreras destac\u00f3 que tanto para el Ejecutivo estatal como para el municipio, el desarrollo agr\u00edcola es una prioridad. Pues en el campo reside el origen de todas las cadenas productivas y representa el coraz\u00f3n de nuestro pueblo.<\/p>\n<p>Durante el evento, programado dentro de la Segunda Semana del Migrante 2023, participaron m\u00e1s de 500 productores jerezanos, agricultores, fruticultores y ganaderos. El doctor Salazar reiter\u00f3 la disposici\u00f3n de continuar trabajando de la mano con el Gobierno del Estado para impulsar pol\u00edticas y programas que fomenten la productividad, el cuidado del medio ambiente y la prosperidad de las familias que dependen de la tierra para su sustento.<\/p>\n<p>Tras dar la bienvenida al mandatario estatal y agradecer el apoyo otorgado, Salazar Contreras consider\u00f3 este d\u00eda como hist\u00f3rico, asegurando que el acontecimiento marca un antes y un despu\u00e9s en el desarrollo del campo local. Esta exposici\u00f3n, dijo, representa la inversi\u00f3n m\u00e1s grande que hemos realizado hasta el momento en el sector agr\u00edcola, mostrando nuestro firme compromiso con el progreso y bienestar de nuestros agricultores y ganaderos.<\/p>\n<p><a  href=\"https:\/\/enconecte.com\/wp-content\/uploads\/2023\/08\/Imagen-de-WhatsApp-2023-07-22-a-las-17.25.31.jpg\" data-rel=\"lightbox-gallery-0\" data-rl_title=\"\" data-rl_caption=\"\" title=\"\"><img loading=\"lazy\" decoding=\"async\" class=\"alignnone size-full wp-image-22729\" src=\"https:\/\/enconecte.com\/wp-content\/uploads\/2023\/08\/Imagen-de-WhatsApp-2023-07-22-a-las-17.25.31.jpg\" alt=\"\" width=\"1600\" height=\"1066\" srcset=\"https:\/\/enconecte.com\/wp-content\/uploads\/2023\/08\/Imagen-de-WhatsApp-2023-07-22-a-las-17.25.31.jpg 1600w, https:\/\/enconecte.com\/wp-content\/uploads\/2023\/08\/Imagen-de-WhatsApp-2023-07-22-a-las-17.25.31-300x200.jpg 300w, https:\/\/enconecte.com\/wp-content\/uploads\/2023\/08\/Imagen-de-WhatsApp-2023-07-22-a-las-17.25.31-1024x682.jpg 1024w, https:\/\/enconecte.com\/wp-content\/uploads\/2023\/08\/Imagen-de-WhatsApp-2023-07-22-a-las-17.25.31-768x512.jpg 768w, https:\/\/enconecte.com\/wp-content\/uploads\/2023\/08\/Imagen-de-WhatsApp-2023-07-22-a-las-17.25.31-1536x1023.jpg 1536w\" sizes=\"auto, (max-width: 1600px) 100vw, 1600px\" \/><\/a><\/p>\n<p>De acuerdo con lo expuesto por el Secretario del Campo, Jes\u00fas Padilla Estrada, el Ayuntamiento de Jerez es el primero en concurrir con el Gobierno del Estado en este programa, que considera una parte de inversi\u00f3n del municipio, otra del estado y una m\u00e1s de los productores, para generar una derrama que beneficie a los agricultores con la posibilidad de adquirir insumos\u00a0y\u00a0maquinaria.<\/p>\n","protected":false},"excerpt":{"rendered":"<p>Al encabezar, junto con el Gobernador del estado, la Expo Agropecuaria 2023, enmarcada en el programa de concurrencia con municipios 2023, el Alcalde Jos\u00e9 Humberto Salazar Contreras destac\u00f3 que tanto para el Ejecutivo estatal como para el municipio, el desarrollo agr\u00edcola es una prioridad. Pues en el campo reside el origen de todas las cadenas [&hellip;]<\/p>\n","protected":false},"author":9,"featured_media":22728,"comment_status":"closed","ping_status":"closed","sticky":false,"template":"","format":"standard","meta":{"footnotes":""},"categories":[1370],"tags":[],"class_list":["post-22727","post","type-post","status-publish","format-standard","has-post-thumbnail","hentry","category-jerez"],"_links":{"self":[{"href":"https:\/\/enconecte.com\/index.php?rest_route=\/wp\/v2\/posts\/22727","targetHints":{"allow":["GET"]}}],"collection":[{"href":"https:\/\/enconecte.com\/index.php?rest_route=\/wp\/v2\/posts"}],"about":[{"href":"https:\/\/enconecte.com\/index.php?rest_route=\/wp\/v2\/types\/post"}],"author":[{"embeddable":true,"href":"https:\/\/enconecte.com\/index.php?rest_route=\/wp\/v2\/users\/9"}],"replies":[{"embeddable":true,"href":"https:\/\/enconecte.com\/index.php?rest_route=%2Fwp%2Fv2%2Fcomments&post=22727"}],"version-history":[{"count":0,"href":"https:\/\/enconecte.com\/index.php?rest_route=\/wp\/v2\/posts\/22727\/revisions"}],"wp:featuredmedia":[{"embeddable":true,"href":"https:\/\/enconecte.com\/index.php?rest_route=\/wp\/v2\/media\/22728"}],"wp:attachment":[{"href":"https:\/\/enconecte.com\/index.php?rest_route=%2Fwp%2Fv2%2Fmedia&parent=22727"}],"wp:term":[{"taxonomy":"category","embeddable":true,"href":"https:\/\/enconecte.com\/index.php?rest_route=%2Fwp%2Fv2%2Fcategories&post=22727"},{"taxonomy":"post_tag","embeddable":true,"href":"https:\/\/enconecte.com\/index.php?rest_route=%2Fwp%2Fv2%2Ftags&post=22727"}],"curies":[{"name":"wp","href":"https:\/\/api.w.org\/{rel}","templated":true}]}}