{"id":22564,"date":"2023-07-04T21:38:56","date_gmt":"2023-07-05T03:38:56","guid":{"rendered":"https:\/\/enconecte.com\/?p=22564"},"modified":"2023-08-13T14:46:47","modified_gmt":"2023-08-13T20:46:47","slug":"asiste-humberto-salazar-a-la-instalacion-del-consejo-estatal-de-archivos","status":"publish","type":"post","link":"https:\/\/enconecte.com\/?p=22564","title":{"rendered":"ASISTE HUMBERTO SALAZAR A LA INSTALACI\u00d3N DEL CONSEJO ESTATAL DE ARCHIVOS"},"content":{"rendered":"<p>El alcalde de Jerez, Humberto Salazar Contreras, particip\u00f3 en la instalaci\u00f3n del Consejo Estatal de Archivos, llevada a cabo por el Gobierno del Estado de Zacatecas. Este \u00f3rgano colegiado tiene la responsabilidad de armonizar las pol\u00edticas locales de gesti\u00f3n documental con el marco normativo nacional, con un enfoque en la transparencia y la lucha contra la corrupci\u00f3n.<\/p>\n<p>El acto de instalaci\u00f3n cont\u00f3 con la participaci\u00f3n de los representantes de los tres Poderes de Zacatecas, as\u00ed como de los ayuntamientos y organismos aut\u00f3nomos. Durante la ceremonia, el Secretario General de Gobierno, Rodrigo Reyes Mug\u00fcerza, tom\u00f3 protesta a las y los integrantes del Consejo, inst\u00e1ndolos a convertir los archivos en instrumentos clave para la protecci\u00f3n de la memoria, la verdad y la justicia.<\/p>\n<p>El Consejo Estatal de Archivos se presenta como un espacio de colaboraci\u00f3n y coordinaci\u00f3n entre diferentes instituciones y entidades gubernamentales para garantizar la preservaci\u00f3n y el acceso adecuado a los archivos p\u00fablicos. Adem\u00e1s, se busca impulsar la implementaci\u00f3n de pr\u00e1cticas eficientes de gesti\u00f3n documental que promuevan la transparencia, la rendici\u00f3n de cuentas y el combate a la corrupci\u00f3n en el Estado de Zacatecas.<\/p>\n<p><a  href=\"https:\/\/enconecte.com\/wp-content\/uploads\/2023\/07\/Imagen-de-WhatsApp-2023-07-04-a-las-07.57.06.jpg\" data-rel=\"lightbox-gallery-0\" data-rl_title=\"\" data-rl_caption=\"\" title=\"\"><img loading=\"lazy\" decoding=\"async\" class=\"alignnone size-full wp-image-22566\" src=\"https:\/\/enconecte.com\/wp-content\/uploads\/2023\/07\/Imagen-de-WhatsApp-2023-07-04-a-las-07.57.06.jpg\" alt=\"\" width=\"1599\" height=\"1066\" srcset=\"https:\/\/enconecte.com\/wp-content\/uploads\/2023\/07\/Imagen-de-WhatsApp-2023-07-04-a-las-07.57.06.jpg 1599w, https:\/\/enconecte.com\/wp-content\/uploads\/2023\/07\/Imagen-de-WhatsApp-2023-07-04-a-las-07.57.06-300x200.jpg 300w, https:\/\/enconecte.com\/wp-content\/uploads\/2023\/07\/Imagen-de-WhatsApp-2023-07-04-a-las-07.57.06-1024x683.jpg 1024w, https:\/\/enconecte.com\/wp-content\/uploads\/2023\/07\/Imagen-de-WhatsApp-2023-07-04-a-las-07.57.06-768x512.jpg 768w, https:\/\/enconecte.com\/wp-content\/uploads\/2023\/07\/Imagen-de-WhatsApp-2023-07-04-a-las-07.57.06-1536x1024.jpg 1536w, https:\/\/enconecte.com\/wp-content\/uploads\/2023\/07\/Imagen-de-WhatsApp-2023-07-04-a-las-07.57.06-150x100.jpg 150w, https:\/\/enconecte.com\/wp-content\/uploads\/2023\/07\/Imagen-de-WhatsApp-2023-07-04-a-las-07.57.06-696x464.jpg 696w, https:\/\/enconecte.com\/wp-content\/uploads\/2023\/07\/Imagen-de-WhatsApp-2023-07-04-a-las-07.57.06-1068x712.jpg 1068w, https:\/\/enconecte.com\/wp-content\/uploads\/2023\/07\/Imagen-de-WhatsApp-2023-07-04-a-las-07.57.06-630x420.jpg 630w\" sizes=\"auto, (max-width: 1599px) 100vw, 1599px\" \/><\/a><\/p>\n<p>El alcalde Humberto Salazar Contreras expres\u00f3 su compromiso y apoyo a esta iniciativa, reconociendo la importancia de contar con un sistema de archivos eficiente y transparente que resguarde la informaci\u00f3n p\u00fablica de manera adecuada. Asimismo, destac\u00f3 el valor de los archivos como fuente de conocimiento hist\u00f3rico y como herramienta para garantizar la transparencia y la buena administraci\u00f3n p\u00fablica.<\/p>\n<p>El Gobierno del Estado de Zacatecas reafirma su compromiso con la construcci\u00f3n de una sociedad informada y participativa, en la cual el acceso a la informaci\u00f3n sea un derecho garantizado. La instalaci\u00f3n del Consejo Estatal de Archivos es un paso importante en esta direcci\u00f3n, y se espera que su labor contribuya al fortalecimiento de la transparencia y la rendici\u00f3n de cuentas en beneficio de todos los\u00a0zacatecanos.<\/p>\n","protected":false},"excerpt":{"rendered":"<p>El alcalde de Jerez, Humberto Salazar Contreras, particip\u00f3 en la instalaci\u00f3n del Consejo Estatal de Archivos, llevada a cabo por el Gobierno del Estado de Zacatecas. Este \u00f3rgano colegiado tiene la responsabilidad de armonizar las pol\u00edticas locales de gesti\u00f3n documental con el marco normativo nacional, con un enfoque en la transparencia y la lucha contra [&hellip;]<\/p>\n","protected":false},"author":9,"featured_media":22565,"comment_status":"closed","ping_status":"closed","sticky":false,"template":"","format":"standard","meta":{"footnotes":""},"categories":[1370],"tags":[],"class_list":["post-22564","post","type-post","status-publish","format-standard","has-post-thumbnail","hentry","category-jerez"],"_links":{"self":[{"href":"https:\/\/enconecte.com\/index.php?rest_route=\/wp\/v2\/posts\/22564","targetHints":{"allow":["GET"]}}],"collection":[{"href":"https:\/\/enconecte.com\/index.php?rest_route=\/wp\/v2\/posts"}],"about":[{"href":"https:\/\/enconecte.com\/index.php?rest_route=\/wp\/v2\/types\/post"}],"author":[{"embeddable":true,"href":"https:\/\/enconecte.com\/index.php?rest_route=\/wp\/v2\/users\/9"}],"replies":[{"embeddable":true,"href":"https:\/\/enconecte.com\/index.php?rest_route=%2Fwp%2Fv2%2Fcomments&post=22564"}],"version-history":[{"count":0,"href":"https:\/\/enconecte.com\/index.php?rest_route=\/wp\/v2\/posts\/22564\/revisions"}],"wp:featuredmedia":[{"embeddable":true,"href":"https:\/\/enconecte.com\/index.php?rest_route=\/wp\/v2\/media\/22565"}],"wp:attachment":[{"href":"https:\/\/enconecte.com\/index.php?rest_route=%2Fwp%2Fv2%2Fmedia&parent=22564"}],"wp:term":[{"taxonomy":"category","embeddable":true,"href":"https:\/\/enconecte.com\/index.php?rest_route=%2Fwp%2Fv2%2Fcategories&post=22564"},{"taxonomy":"post_tag","embeddable":true,"href":"https:\/\/enconecte.com\/index.php?rest_route=%2Fwp%2Fv2%2Ftags&post=22564"}],"curies":[{"name":"wp","href":"https:\/\/api.w.org\/{rel}","templated":true}]}}