{"id":22554,"date":"2023-07-02T21:35:07","date_gmt":"2023-07-03T03:35:07","guid":{"rendered":"https:\/\/enconecte.com\/?p=22554"},"modified":"2023-08-13T14:46:47","modified_gmt":"2023-08-13T20:46:47","slug":"con-la-tipica-fiesta-jerezana-concluyeron-las-actividades-de-la-concentracion-de-motociclistas-la-heroica-2023","status":"publish","type":"post","link":"https:\/\/enconecte.com\/?p=22554","title":{"rendered":"CON LA T\u00cdPICA FIESTA JEREZANA CONCLUYERON LAS ACTIVIDADES DE LA CONCENTRACI\u00d3N DE MOTOCICLISTAS LA HEROICA 2023"},"content":{"rendered":"<p>Con la t\u00edpica fiesta jerezana concluyeron las actividades de la concentraci\u00f3n de motociclistas La Heroica Zacatecas 2023. Esta tradicional fiesta dominical en estilo Jerez incluy\u00f3 m\u00fasica en vivo y degustaci\u00f3n de tostadas jerezanas. Los organizadores del evento decidieron considerar al pueblo M\u00e1gico M\u00e1s Alegre de M\u00e9xico como la \u00fanica sede alterna del evento, que tuvo la mayor parte de sus actividades en la capital del estado.<\/p>\n<p>En diferentes modalidades, modelos y marcas, varias motocicletas con sus potentes motores se expusieron en la Plaza Principal y en las calles del Hospicio y San Luis, donde el p\u00fablico pudo apreciarlas. La banda La Noria se encarg\u00f3 de crear un ambiente festivo y deleitar a los visitantes, quienes no dudaron en comenzar a bailar y contagiar la alegr\u00eda a otros asistentes que tambi\u00e9n disfrutaron de la m\u00fasica.<\/p>\n<p>Varias tiendas y negocios alrededor del jard\u00edn y las calles cercanas tuvieron una gran afluencia, especialmente por parte de los participantes en La Heroica Zacatecas edici\u00f3n 2023, quienes realizaron un recorrido en grupo desde la capital del estado formando una larga fila en la carretera. A lo largo del d\u00eda, se unieron m\u00e1s motociclistas a la visita por esta tierra.<\/p>\n<p>En nombre del presidente Jos\u00e9 Humberto Salazar Contreras, el director de Desarrollo Econ\u00f3mico y Social, David Josafat de la Torre Pinedo, entreg\u00f3 reconocimientos en nombre del gobierno municipal a casi medio centenar de motoclubes que tuvieron representaci\u00f3n durante el evento realizado\u00a0en\u00a0esta\u00a0ciudad.<\/p>\n<p><a  href=\"https:\/\/enconecte.com\/wp-content\/uploads\/2023\/07\/motos2-1.jpg\" data-rel=\"lightbox-gallery-0\" data-rl_title=\"\" data-rl_caption=\"\" title=\"\"><img loading=\"lazy\" decoding=\"async\" class=\"alignnone size-full wp-image-22556\" src=\"https:\/\/enconecte.com\/wp-content\/uploads\/2023\/07\/motos2-1.jpg\" alt=\"\" width=\"1600\" height=\"1066\" srcset=\"https:\/\/enconecte.com\/wp-content\/uploads\/2023\/07\/motos2-1.jpg 1600w, https:\/\/enconecte.com\/wp-content\/uploads\/2023\/07\/motos2-1-300x200.jpg 300w, https:\/\/enconecte.com\/wp-content\/uploads\/2023\/07\/motos2-1-1024x682.jpg 1024w, https:\/\/enconecte.com\/wp-content\/uploads\/2023\/07\/motos2-1-768x512.jpg 768w, https:\/\/enconecte.com\/wp-content\/uploads\/2023\/07\/motos2-1-1536x1023.jpg 1536w, https:\/\/enconecte.com\/wp-content\/uploads\/2023\/07\/motos2-1-150x100.jpg 150w, https:\/\/enconecte.com\/wp-content\/uploads\/2023\/07\/motos2-1-696x464.jpg 696w, https:\/\/enconecte.com\/wp-content\/uploads\/2023\/07\/motos2-1-1068x712.jpg 1068w, https:\/\/enconecte.com\/wp-content\/uploads\/2023\/07\/motos2-1-630x420.jpg 630w\" sizes=\"auto, (max-width: 1600px) 100vw, 1600px\" \/><\/a><\/p>\n","protected":false},"excerpt":{"rendered":"<p>Con la t\u00edpica fiesta jerezana concluyeron las actividades de la concentraci\u00f3n de motociclistas La Heroica Zacatecas 2023. Esta tradicional fiesta dominical en estilo Jerez incluy\u00f3 m\u00fasica en vivo y degustaci\u00f3n de tostadas jerezanas. Los organizadores del evento decidieron considerar al pueblo M\u00e1gico M\u00e1s Alegre de M\u00e9xico como la \u00fanica sede alterna del evento, que tuvo [&hellip;]<\/p>\n","protected":false},"author":9,"featured_media":22555,"comment_status":"closed","ping_status":"closed","sticky":false,"template":"","format":"standard","meta":{"footnotes":""},"categories":[1370],"tags":[],"class_list":["post-22554","post","type-post","status-publish","format-standard","has-post-thumbnail","hentry","category-jerez"],"_links":{"self":[{"href":"https:\/\/enconecte.com\/index.php?rest_route=\/wp\/v2\/posts\/22554","targetHints":{"allow":["GET"]}}],"collection":[{"href":"https:\/\/enconecte.com\/index.php?rest_route=\/wp\/v2\/posts"}],"about":[{"href":"https:\/\/enconecte.com\/index.php?rest_route=\/wp\/v2\/types\/post"}],"author":[{"embeddable":true,"href":"https:\/\/enconecte.com\/index.php?rest_route=\/wp\/v2\/users\/9"}],"replies":[{"embeddable":true,"href":"https:\/\/enconecte.com\/index.php?rest_route=%2Fwp%2Fv2%2Fcomments&post=22554"}],"version-history":[{"count":0,"href":"https:\/\/enconecte.com\/index.php?rest_route=\/wp\/v2\/posts\/22554\/revisions"}],"wp:featuredmedia":[{"embeddable":true,"href":"https:\/\/enconecte.com\/index.php?rest_route=\/wp\/v2\/media\/22555"}],"wp:attachment":[{"href":"https:\/\/enconecte.com\/index.php?rest_route=%2Fwp%2Fv2%2Fmedia&parent=22554"}],"wp:term":[{"taxonomy":"category","embeddable":true,"href":"https:\/\/enconecte.com\/index.php?rest_route=%2Fwp%2Fv2%2Fcategories&post=22554"},{"taxonomy":"post_tag","embeddable":true,"href":"https:\/\/enconecte.com\/index.php?rest_route=%2Fwp%2Fv2%2Ftags&post=22554"}],"curies":[{"name":"wp","href":"https:\/\/api.w.org\/{rel}","templated":true}]}}