{"id":22552,"date":"2023-07-01T21:33:49","date_gmt":"2023-07-02T03:33:49","guid":{"rendered":"https:\/\/enconecte.com\/?p=22552"},"modified":"2023-08-13T14:46:47","modified_gmt":"2023-08-13T20:46:47","slug":"gran-muestra-multidisciplinaria-de-los-talleres-de-iniciacion-artistica-del-ijc-en-su-clausura-de-cursos","status":"publish","type":"post","link":"https:\/\/enconecte.com\/?p=22552","title":{"rendered":"GRAN MUESTRA MULTIDISCIPLINARIA DE LOS TALLERES DE INICIACI\u00d3N ART\u00cdSTICA DEL IJC EN SU CLAUSURA DE CURSOS"},"content":{"rendered":"<p>Como actividad central en la ceremonia de clausura de cursos, los Talleres de Iniciaci\u00f3n Art\u00edstica del Instituto Jerezano de Cultura (IJC), presentaron un espect\u00e1culo multidisciplinario, con la tem\u00e1tica de Mario Bross, en el que participaron m\u00e1s de cien alumnos de los diversos talleres que contaron adem\u00e1s con el apoyo del director de teatro Miguel Angel Vega.<\/p>\n<p>El evento se realizo en el teatro Hinojosa, donde se registr\u00f3 un lleno, sobre todo de familiares de quienes estuvieron en escena y que aplaudieron la actuaci\u00f3n que dur\u00f3 un poco m\u00e1s de una hora, en la que se mezclaron canto, m\u00fasica en vivo, coreograf\u00edas de los talleres de danza folcl\u00f3rica, danza cl\u00e1sica y jazz; participaron ni\u00f1os que comienzan a mostrar su amor por el arte en el \u00e1rea de iniciaci\u00f3n art\u00edstica, as\u00ed como adolescentes e incluso adultos. Como parte de la escenograf\u00eda se hizo una muestra de los talleres de artes pl\u00e1sticas y dibujo art\u00edstico.<\/p>\n<p>El director del IJC V\u00edctor Hugo Hu\u00edzar Iturriaga en representaci\u00f3n del alcalde Jos\u00e9 Humberto Salazar Contreras, acompa\u00f1ado del regidor del \u00e1rea Enrique Saucedo Moreno, encabezaron la entrega de los paquetes de constancias de estudio a los directores de cada uno de los talleres, mismos que a su vez los hicieron llegar a los alumnos.<\/p>\n<p>La coordinadora del proyecto Imelda Luna Hern\u00e1ndez, reiter\u00f3 la invitaci\u00f3n para los talleres de verano, cuyas inscripciones se abrir\u00e1n a partir del 15 junio en las disciplinas de m\u00fasica, danza moderna, dibujo art\u00edstico y artes pl\u00e1sticas; aclar\u00f3 que ser\u00e1 con\u00a0cupo\u00a0imitado.<\/p>\n","protected":false},"excerpt":{"rendered":"<p>Como actividad central en la ceremonia de clausura de cursos, los Talleres de Iniciaci\u00f3n Art\u00edstica del Instituto Jerezano de Cultura (IJC), presentaron un espect\u00e1culo multidisciplinario, con la tem\u00e1tica de Mario Bross, en el que participaron m\u00e1s de cien alumnos de los diversos talleres que contaron adem\u00e1s con el apoyo del director de teatro Miguel Angel [&hellip;]<\/p>\n","protected":false},"author":9,"featured_media":22553,"comment_status":"closed","ping_status":"closed","sticky":false,"template":"","format":"standard","meta":{"footnotes":""},"categories":[1370],"tags":[],"class_list":["post-22552","post","type-post","status-publish","format-standard","has-post-thumbnail","hentry","category-jerez"],"_links":{"self":[{"href":"https:\/\/enconecte.com\/index.php?rest_route=\/wp\/v2\/posts\/22552","targetHints":{"allow":["GET"]}}],"collection":[{"href":"https:\/\/enconecte.com\/index.php?rest_route=\/wp\/v2\/posts"}],"about":[{"href":"https:\/\/enconecte.com\/index.php?rest_route=\/wp\/v2\/types\/post"}],"author":[{"embeddable":true,"href":"https:\/\/enconecte.com\/index.php?rest_route=\/wp\/v2\/users\/9"}],"replies":[{"embeddable":true,"href":"https:\/\/enconecte.com\/index.php?rest_route=%2Fwp%2Fv2%2Fcomments&post=22552"}],"version-history":[{"count":0,"href":"https:\/\/enconecte.com\/index.php?rest_route=\/wp\/v2\/posts\/22552\/revisions"}],"wp:featuredmedia":[{"embeddable":true,"href":"https:\/\/enconecte.com\/index.php?rest_route=\/wp\/v2\/media\/22553"}],"wp:attachment":[{"href":"https:\/\/enconecte.com\/index.php?rest_route=%2Fwp%2Fv2%2Fmedia&parent=22552"}],"wp:term":[{"taxonomy":"category","embeddable":true,"href":"https:\/\/enconecte.com\/index.php?rest_route=%2Fwp%2Fv2%2Fcategories&post=22552"},{"taxonomy":"post_tag","embeddable":true,"href":"https:\/\/enconecte.com\/index.php?rest_route=%2Fwp%2Fv2%2Ftags&post=22552"}],"curies":[{"name":"wp","href":"https:\/\/api.w.org\/{rel}","templated":true}]}}