{"id":22438,"date":"2023-06-14T18:52:54","date_gmt":"2023-06-15T00:52:54","guid":{"rendered":"https:\/\/enconecte.com\/?p=22438"},"modified":"2023-06-20T14:56:53","modified_gmt":"2023-06-20T20:56:53","slug":"el-departamento-de-alumbrado-repuso-439-lamparas-en-los-primeros-cinco-meses-del-ano","status":"publish","type":"post","link":"https:\/\/enconecte.com\/?p=22438","title":{"rendered":"EL DEPARTAMENTO DE ALUMBRADO REPUSO 439 L\u00c1MPARAS EN LOS PRIMEROS CINCO MESES DEL A\u00d1O"},"content":{"rendered":"<p>Jerez, Zac.- En el periodo comprendido entre enero y mayo de este a\u00f1o, el departamento de Alumbrado P\u00fablico repuso 439 l\u00e1mparas en el municipio. De ellas, el 20 por ciento se coloc\u00f3 en las comunidades rurales y el resto en la cabecera municipal, seg\u00fan datos proporcionados por la Subdirecci\u00f3n de Servicios P\u00fablicos, a cargo de Jaime Mart\u00ednez Mireles.<\/p>\n<p>El funcionario inform\u00f3 que esta \u00e1rea, dependiente de la administraci\u00f3n 2021-2024 que encabeza el alcalde Jos\u00e9 Humberto Salazar Contreras, atiende diariamente los reportes y busca que la respuesta sea inmediata. Al d\u00eda siguiente de que se hace el registro, se atiende lo referente al \u00e1rea urbana y se programan rutas para las rancher\u00edas.<\/p>\n<p>Asimismo, indic\u00f3 que durante la semana se realiz\u00f3 un inventario general para determinar las l\u00e1mparas existentes, adem\u00e1s de precisar d\u00f3nde se hicieron reemplazos, con un mapa exacto de ubicaci\u00f3n, un n\u00famero y un c\u00f3digo de cada l\u00e1mpara. En este momento, se dispone de 100 luminarias en el almac\u00e9n, de distintas marcas, modelos y potencia, material suficiente para atender las solicitudes de la ciudadan\u00eda.<\/p>\n<p>De acuerdo con los registros, enero fue el mes con m\u00e1s reportes y se hicieron 185 reposiciones en total; en febrero se realizaron 97; marzo fue el de menor incidencia con 50; abril con 54 y mayo con 53. Son reportes que hace la ciudadan\u00eda, de l\u00e1mparas que no prenden o que parpadean. Una vez que se registra el problema, el departamento a cargo de Ra\u00fal Correa acude a revisarlo y determina si se requiere arreglo o reposici\u00f3n.<\/p>\n","protected":false},"excerpt":{"rendered":"<p>Jerez, Zac.- En el periodo comprendido entre enero y mayo de este a\u00f1o, el departamento de Alumbrado P\u00fablico repuso 439 l\u00e1mparas en el municipio. De ellas, el 20 por ciento se coloc\u00f3 en las comunidades rurales y el resto en la cabecera municipal, seg\u00fan datos proporcionados por la Subdirecci\u00f3n de Servicios P\u00fablicos, a cargo de [&hellip;]<\/p>\n","protected":false},"author":9,"featured_media":22439,"comment_status":"closed","ping_status":"closed","sticky":false,"template":"","format":"standard","meta":{"footnotes":""},"categories":[1370],"tags":[],"class_list":["post-22438","post","type-post","status-publish","format-standard","has-post-thumbnail","hentry","category-jerez"],"_links":{"self":[{"href":"https:\/\/enconecte.com\/index.php?rest_route=\/wp\/v2\/posts\/22438","targetHints":{"allow":["GET"]}}],"collection":[{"href":"https:\/\/enconecte.com\/index.php?rest_route=\/wp\/v2\/posts"}],"about":[{"href":"https:\/\/enconecte.com\/index.php?rest_route=\/wp\/v2\/types\/post"}],"author":[{"embeddable":true,"href":"https:\/\/enconecte.com\/index.php?rest_route=\/wp\/v2\/users\/9"}],"replies":[{"embeddable":true,"href":"https:\/\/enconecte.com\/index.php?rest_route=%2Fwp%2Fv2%2Fcomments&post=22438"}],"version-history":[{"count":0,"href":"https:\/\/enconecte.com\/index.php?rest_route=\/wp\/v2\/posts\/22438\/revisions"}],"wp:featuredmedia":[{"embeddable":true,"href":"https:\/\/enconecte.com\/index.php?rest_route=\/wp\/v2\/media\/22439"}],"wp:attachment":[{"href":"https:\/\/enconecte.com\/index.php?rest_route=%2Fwp%2Fv2%2Fmedia&parent=22438"}],"wp:term":[{"taxonomy":"category","embeddable":true,"href":"https:\/\/enconecte.com\/index.php?rest_route=%2Fwp%2Fv2%2Fcategories&post=22438"},{"taxonomy":"post_tag","embeddable":true,"href":"https:\/\/enconecte.com\/index.php?rest_route=%2Fwp%2Fv2%2Ftags&post=22438"}],"curies":[{"name":"wp","href":"https:\/\/api.w.org\/{rel}","templated":true}]}}