{"id":22434,"date":"2023-06-15T18:48:02","date_gmt":"2023-06-16T00:48:02","guid":{"rendered":"https:\/\/enconecte.com\/?p=22434"},"modified":"2023-06-20T14:56:53","modified_gmt":"2023-06-20T20:56:53","slug":"pc-jerez-emite-alerta-por-altas-temperaturas","status":"publish","type":"post","link":"https:\/\/enconecte.com\/?p=22434","title":{"rendered":"PC JEREZ EMITE ALERTA POR ALTAS TEMPERATURAS"},"content":{"rendered":"<ul>\n<li>Las temperaturas oscilar\u00e1n de los 35\u00b0C a los 38\u00b0 C, este martes la temperatura m\u00e1s alta registrada en lo que va del d\u00eda ha sido 35.9\u00b0 C con corte de las 12:20 horas.<\/li>\n<\/ul>\n<p>La Coordinaci\u00f3n Municipal de Protecci\u00f3n Civil, a trav\u00e9s del Departamento de Gesti\u00f3n de Emergencias, que forma parte de la administraci\u00f3n municipal 2021-2024, emite una alerta por las altas temperaturas registradas. Se prev\u00e9n temperaturas extremas a partir de hoy a las 12:00 horas y se mantendr\u00e1n hasta las 20:00 del d\u00eda lunes 19 de junio, con temperaturas que oscilar\u00e1n entre los 35\u00b0C y los 38\u00b0C.<\/p>\n<p>Por ello, el Departamento de Gesti\u00f3n de Emergencias, bajo el mando del Comandante Manuel Cabral, emite las siguientes recomendaciones especiales para prevenir da\u00f1os causados por el calor:<\/p>\n<p>Evita exponerte al sol directamente.<br \/>\nPermanece en \u00e1reas sombreadas.<br \/>\nNo esperes a tener sed para tomar l\u00edquidos, mantente hidratado constantemente.<br \/>\nConsume alimentos bien cocidos.<br \/>\nEvita el consumo de alcohol y bebidas azucaradas en exceso.<br \/>\nViste ropa ligera, holgada y de colores claros.<br \/>\nEvita realizar trabajos f\u00edsicos intensos y prolongados.<br \/>\nNo realices ejercicio durante las horas de mayor calor y evita hacerlo al aire libre.<br \/>\nUtiliza sombrero o sombrilla para protegerte del sol.<br \/>\nReduce el uso de la estufa y el horno.<br \/>\nT\u00f3mate ba\u00f1os frecuentes para refrescarte.<br \/>\nNo dejes a personas dentro de veh\u00edculos cerrados.<br \/>\nEvita automedicarte.<\/p>\n<p>Asimismo, se invita a la ciudadan\u00eda a prestar especial atenci\u00f3n a los adultos y los menores. Como dato adicional, se informa que la temperatura m\u00e1s alta registrada hasta el momento, a las 12:20 horas, fue de 35.9\u00b0C en la colonia Los Alamitos. Se espera que la temperatura aumente a\u00fan m\u00e1s durante el d\u00eda de hoy.<\/p>\n","protected":false},"excerpt":{"rendered":"<p>Las temperaturas oscilar\u00e1n de los 35\u00b0C a los 38\u00b0 C, este martes la temperatura m\u00e1s alta registrada en lo que va del d\u00eda ha sido 35.9\u00b0 C con corte de las 12:20 horas. La Coordinaci\u00f3n Municipal de Protecci\u00f3n Civil, a trav\u00e9s del Departamento de Gesti\u00f3n de Emergencias, que forma parte de la administraci\u00f3n municipal 2021-2024, [&hellip;]<\/p>\n","protected":false},"author":9,"featured_media":22435,"comment_status":"closed","ping_status":"closed","sticky":false,"template":"","format":"standard","meta":{"footnotes":""},"categories":[1370],"tags":[],"class_list":["post-22434","post","type-post","status-publish","format-standard","has-post-thumbnail","hentry","category-jerez"],"_links":{"self":[{"href":"https:\/\/enconecte.com\/index.php?rest_route=\/wp\/v2\/posts\/22434","targetHints":{"allow":["GET"]}}],"collection":[{"href":"https:\/\/enconecte.com\/index.php?rest_route=\/wp\/v2\/posts"}],"about":[{"href":"https:\/\/enconecte.com\/index.php?rest_route=\/wp\/v2\/types\/post"}],"author":[{"embeddable":true,"href":"https:\/\/enconecte.com\/index.php?rest_route=\/wp\/v2\/users\/9"}],"replies":[{"embeddable":true,"href":"https:\/\/enconecte.com\/index.php?rest_route=%2Fwp%2Fv2%2Fcomments&post=22434"}],"version-history":[{"count":0,"href":"https:\/\/enconecte.com\/index.php?rest_route=\/wp\/v2\/posts\/22434\/revisions"}],"wp:featuredmedia":[{"embeddable":true,"href":"https:\/\/enconecte.com\/index.php?rest_route=\/wp\/v2\/media\/22435"}],"wp:attachment":[{"href":"https:\/\/enconecte.com\/index.php?rest_route=%2Fwp%2Fv2%2Fmedia&parent=22434"}],"wp:term":[{"taxonomy":"category","embeddable":true,"href":"https:\/\/enconecte.com\/index.php?rest_route=%2Fwp%2Fv2%2Fcategories&post=22434"},{"taxonomy":"post_tag","embeddable":true,"href":"https:\/\/enconecte.com\/index.php?rest_route=%2Fwp%2Fv2%2Ftags&post=22434"}],"curies":[{"name":"wp","href":"https:\/\/api.w.org\/{rel}","templated":true}]}}