{"id":22432,"date":"2023-06-13T18:40:50","date_gmt":"2023-06-14T00:40:50","guid":{"rendered":"https:\/\/enconecte.com\/?p=22432"},"modified":"2023-06-20T14:56:53","modified_gmt":"2023-06-20T20:56:53","slug":"simapaj-trabaja-para-solucionar-problema-de-desabasto-de-agua-potable-que-afecta-zona-oriente-de-jerez","status":"publish","type":"post","link":"https:\/\/enconecte.com\/?p=22432","title":{"rendered":"SIMAPAJ TRABAJA PARA SOLUCIONAR PROBLEMA DE DESABASTO DE AGUA POTABLE QUE AFECTA ZONA ORIENTE DE JEREZ"},"content":{"rendered":"<p>Con relaci\u00f3n al tema de desabasto de agua potable en la zona oriente de la cabecera municipal, SIMAPAJ informa que, al medio d\u00eda de hoy luego de encender el pozo n\u00famero cinco con el cual se planeaba ayudar a abastecer del vital l\u00edquido la zona afectada; se detect\u00f3 una fuga mayor en la l\u00ednea de conducci\u00f3n que llena el tanque del Monte Carmelo.<\/p>\n<p>El tanque es el que abastece las 36 colonias que se ven perjudicadas, recordar que en meses pasados se han reparado dos fugas grandes en esa l\u00ednea, debido a que los ductos son de asbesto-cemento de diez pulgadas y ya tienen m\u00e1s de cuarenta a\u00f1os de uso.<\/p>\n<p>Las fugas que se repararon fueron, una sobre el bulevar Suave Patria a la altura de la salida a Santa Rita y la otra en el crucero de carretera salida Zacatecas con Montecillo; esta \u00faltima fuga que se encontr\u00f3 esta 150 metros m\u00e1s arriba de la \u00faltima en menci\u00f3n.<\/p>\n<p>Para el director Marco Antonio Valenzuela Esquivel, es de suma importancia atender este tipo de problemas que afectan a los usuarios, de la misma manera recordar que es imposible prevenir una fuga de agua en este tipo de ductos.<\/p>\n<p>Recordar tambi\u00e9n que en los \u00faltimos d\u00edas el consumo se ha incrementado considerablemente y eso ha tra\u00eddo problemas de baja presi\u00f3n y desabasto en algunos puntos de la cabecera municipal.<\/p>\n","protected":false},"excerpt":{"rendered":"<p>Con relaci\u00f3n al tema de desabasto de agua potable en la zona oriente de la cabecera municipal, SIMAPAJ informa que, al medio d\u00eda de hoy luego de encender el pozo n\u00famero cinco con el cual se planeaba ayudar a abastecer del vital l\u00edquido la zona afectada; se detect\u00f3 una fuga mayor en la l\u00ednea de [&hellip;]<\/p>\n","protected":false},"author":9,"featured_media":22433,"comment_status":"closed","ping_status":"closed","sticky":false,"template":"","format":"standard","meta":{"footnotes":""},"categories":[1370],"tags":[],"class_list":["post-22432","post","type-post","status-publish","format-standard","has-post-thumbnail","hentry","category-jerez"],"_links":{"self":[{"href":"https:\/\/enconecte.com\/index.php?rest_route=\/wp\/v2\/posts\/22432","targetHints":{"allow":["GET"]}}],"collection":[{"href":"https:\/\/enconecte.com\/index.php?rest_route=\/wp\/v2\/posts"}],"about":[{"href":"https:\/\/enconecte.com\/index.php?rest_route=\/wp\/v2\/types\/post"}],"author":[{"embeddable":true,"href":"https:\/\/enconecte.com\/index.php?rest_route=\/wp\/v2\/users\/9"}],"replies":[{"embeddable":true,"href":"https:\/\/enconecte.com\/index.php?rest_route=%2Fwp%2Fv2%2Fcomments&post=22432"}],"version-history":[{"count":0,"href":"https:\/\/enconecte.com\/index.php?rest_route=\/wp\/v2\/posts\/22432\/revisions"}],"wp:featuredmedia":[{"embeddable":true,"href":"https:\/\/enconecte.com\/index.php?rest_route=\/wp\/v2\/media\/22433"}],"wp:attachment":[{"href":"https:\/\/enconecte.com\/index.php?rest_route=%2Fwp%2Fv2%2Fmedia&parent=22432"}],"wp:term":[{"taxonomy":"category","embeddable":true,"href":"https:\/\/enconecte.com\/index.php?rest_route=%2Fwp%2Fv2%2Fcategories&post=22432"},{"taxonomy":"post_tag","embeddable":true,"href":"https:\/\/enconecte.com\/index.php?rest_route=%2Fwp%2Fv2%2Ftags&post=22432"}],"curies":[{"name":"wp","href":"https:\/\/api.w.org\/{rel}","templated":true}]}}