{"id":22429,"date":"2023-06-13T18:39:27","date_gmt":"2023-06-14T00:39:27","guid":{"rendered":"https:\/\/enconecte.com\/?p=22429"},"modified":"2023-06-20T14:56:53","modified_gmt":"2023-06-20T20:56:53","slug":"preparan-los-talleres-de-iniciacion-artistica-puesta-en-escena","status":"publish","type":"post","link":"https:\/\/enconecte.com\/?p=22429","title":{"rendered":"PREPARAN LOS TALLERES DE INICIACI\u00d3N ART\u00cdSTICA PUESTA EN ESCENA"},"content":{"rendered":"<ul>\n<li>El espect\u00e1culo interdisciplinario ser\u00e1 la actividad central en la clausura de cursos<\/li>\n<\/ul>\n<p>Jerez, Zac.- Los alumnos de los Talleres de Iniciaci\u00f3n Art\u00edstica del Instituto Jerezano de Cultura (IJC) se encuentran preparando un espect\u00e1culo interdisciplinario con la tem\u00e1tica de Mario Bros. Este evento servir\u00e1 como acto de clausura del ciclo escolar y mostrar\u00e1 las diversas actividades de ense\u00f1anza que se desarrollan en dichos talleres.<\/p>\n<p>La coordinadora, Imelda Luna, inform\u00f3 que durante este periodo se inscribieron 130 alumnos de edades comprendidas entre los 4 y 16 a\u00f1os. Estos estudiantes reciben ense\u00f1anza en \u00e1reas como Iniciaci\u00f3n Art\u00edstica, Guitarra Popular, Artes Esc\u00e9nicas, Ballet Cl\u00e1sico, Dibujo Art\u00edstico, Danza Folcl\u00f3rica, Danza Cl\u00e1sica y Jazz, Artes Pl\u00e1sticas, Ingl\u00e9s B\u00e1sico y Canto.<\/p>\n<p>El evento de clausura se llevar\u00e1 a cabo el 29 de junio a partir de las 17:30 horas en el Teatro Hinojosa. La presentaci\u00f3n incluir\u00e1 diferentes actividades, incluyendo partes interpretadas por m\u00fasicos y cantantes en vivo, quienes tambi\u00e9n son alumnos de los talleres. Adem\u00e1s, se expondr\u00e1 una muestra pict\u00f3rica en el exterior, como resultado del trabajo realizado por los ni\u00f1os y j\u00f3venes en el \u00e1rea de artes pl\u00e1sticas.<\/p>\n<p><a  href=\"https:\/\/enconecte.com\/wp-content\/uploads\/2023\/06\/2062bd79-b5d4-4e6b-9368-eb357b0142ff.jpg\" data-rel=\"lightbox-gallery-0\" data-rl_title=\"\" data-rl_caption=\"\" title=\"\"><img loading=\"lazy\" decoding=\"async\" class=\"alignnone size-full wp-image-22431\" src=\"https:\/\/enconecte.com\/wp-content\/uploads\/2023\/06\/2062bd79-b5d4-4e6b-9368-eb357b0142ff.jpg\" alt=\"\" width=\"1156\" height=\"867\" srcset=\"https:\/\/enconecte.com\/wp-content\/uploads\/2023\/06\/2062bd79-b5d4-4e6b-9368-eb357b0142ff.jpg 1156w, https:\/\/enconecte.com\/wp-content\/uploads\/2023\/06\/2062bd79-b5d4-4e6b-9368-eb357b0142ff-300x225.jpg 300w, https:\/\/enconecte.com\/wp-content\/uploads\/2023\/06\/2062bd79-b5d4-4e6b-9368-eb357b0142ff-1024x768.jpg 1024w, https:\/\/enconecte.com\/wp-content\/uploads\/2023\/06\/2062bd79-b5d4-4e6b-9368-eb357b0142ff-768x576.jpg 768w, https:\/\/enconecte.com\/wp-content\/uploads\/2023\/06\/2062bd79-b5d4-4e6b-9368-eb357b0142ff-150x113.jpg 150w, https:\/\/enconecte.com\/wp-content\/uploads\/2023\/06\/2062bd79-b5d4-4e6b-9368-eb357b0142ff-696x522.jpg 696w, https:\/\/enconecte.com\/wp-content\/uploads\/2023\/06\/2062bd79-b5d4-4e6b-9368-eb357b0142ff-1068x801.jpg 1068w, https:\/\/enconecte.com\/wp-content\/uploads\/2023\/06\/2062bd79-b5d4-4e6b-9368-eb357b0142ff-560x420.jpg 560w, https:\/\/enconecte.com\/wp-content\/uploads\/2023\/06\/2062bd79-b5d4-4e6b-9368-eb357b0142ff-80x60.jpg 80w, https:\/\/enconecte.com\/wp-content\/uploads\/2023\/06\/2062bd79-b5d4-4e6b-9368-eb357b0142ff-265x198.jpg 265w\" sizes=\"auto, (max-width: 1156px) 100vw, 1156px\" \/><\/a><\/p>\n<p>Imelda Luna Hern\u00e1ndez anunci\u00f3 que a partir del 15 de julio se abrir\u00e1n las inscripciones para los talleres de verano, los cuales incluir\u00e1n disciplinas como m\u00fasica, danza moderna, dibujo art\u00edstico y artes pl\u00e1sticas. Para obtener m\u00e1s informaci\u00f3n, los interesados pueden acudir a las oficinas de los talleres en el Teatro Hinojosa o en el IJC ubicado en el edificio Alc\u00e1zar.<\/p>\n","protected":false},"excerpt":{"rendered":"<p>El espect\u00e1culo interdisciplinario ser\u00e1 la actividad central en la clausura de cursos Jerez, Zac.- Los alumnos de los Talleres de Iniciaci\u00f3n Art\u00edstica del Instituto Jerezano de Cultura (IJC) se encuentran preparando un espect\u00e1culo interdisciplinario con la tem\u00e1tica de Mario Bros. Este evento servir\u00e1 como acto de clausura del ciclo escolar y mostrar\u00e1 las diversas actividades [&hellip;]<\/p>\n","protected":false},"author":9,"featured_media":22430,"comment_status":"closed","ping_status":"closed","sticky":false,"template":"","format":"standard","meta":{"footnotes":""},"categories":[1370],"tags":[],"class_list":["post-22429","post","type-post","status-publish","format-standard","has-post-thumbnail","hentry","category-jerez"],"_links":{"self":[{"href":"https:\/\/enconecte.com\/index.php?rest_route=\/wp\/v2\/posts\/22429","targetHints":{"allow":["GET"]}}],"collection":[{"href":"https:\/\/enconecte.com\/index.php?rest_route=\/wp\/v2\/posts"}],"about":[{"href":"https:\/\/enconecte.com\/index.php?rest_route=\/wp\/v2\/types\/post"}],"author":[{"embeddable":true,"href":"https:\/\/enconecte.com\/index.php?rest_route=\/wp\/v2\/users\/9"}],"replies":[{"embeddable":true,"href":"https:\/\/enconecte.com\/index.php?rest_route=%2Fwp%2Fv2%2Fcomments&post=22429"}],"version-history":[{"count":0,"href":"https:\/\/enconecte.com\/index.php?rest_route=\/wp\/v2\/posts\/22429\/revisions"}],"wp:featuredmedia":[{"embeddable":true,"href":"https:\/\/enconecte.com\/index.php?rest_route=\/wp\/v2\/media\/22430"}],"wp:attachment":[{"href":"https:\/\/enconecte.com\/index.php?rest_route=%2Fwp%2Fv2%2Fmedia&parent=22429"}],"wp:term":[{"taxonomy":"category","embeddable":true,"href":"https:\/\/enconecte.com\/index.php?rest_route=%2Fwp%2Fv2%2Fcategories&post=22429"},{"taxonomy":"post_tag","embeddable":true,"href":"https:\/\/enconecte.com\/index.php?rest_route=%2Fwp%2Fv2%2Ftags&post=22429"}],"curies":[{"name":"wp","href":"https:\/\/api.w.org\/{rel}","templated":true}]}}