{"id":22419,"date":"2023-06-11T11:33:19","date_gmt":"2023-06-11T17:33:19","guid":{"rendered":"https:\/\/enconecte.com\/?p=22419"},"modified":"2023-06-20T14:56:53","modified_gmt":"2023-06-20T20:56:53","slug":"se-celebro-en-jerez-la-tercera-cabalgata-por-el-bicentenario-del-heroico-colegio-militar","status":"publish","type":"post","link":"https:\/\/enconecte.com\/?p=22419","title":{"rendered":"SE CELEBR\u00d3 EN JEREZ LA TERCERA CABALGATA POR EL BICENTENARIO DEL HEROICO COLEGIO MILITAR"},"content":{"rendered":"<p>El municipio de Jerez fue sede de la Tercera Cabalgata Bicentenario del Heroico Colegio Militar, cuyo objetivo fue permitir que las familias convivieran con sus fuerzas armadas, buscando en todo momento fortalecer el sentido de pertenencia e identidad nacionales. Esta informaci\u00f3n fue proporcionada por el comandante de la Onceava Zona Militar, General de Brigada Diplomado de Estado Mayor Alejandro Vargas Gonz\u00e1lez.<\/p>\n<p>La ceremonia protocolaria estuvo encabezada adem\u00e1s por el secretario General de Gobierno, Rodrigo Reyes Mug\u00fcerza; Leonel Alcaraz Alarc\u00f3n, coordinador de la Guardia Nacional en el estado; Ari Zempoalteca Romano, comandante del 53 Batall\u00f3n de Infanter\u00eda; Juan Jos\u00e9 Rodr\u00edguez, en representaci\u00f3n de la Secretar\u00eda de Seguridad P\u00fablica; Oswaldo Cerrillo Garza, Secretario T\u00e9cnico de la Secretar\u00eda de Seguridad y Protecci\u00f3n Ciudadana; el secretario de Turismo, Le Roy Barrag\u00e1n Ocampo; y el secretario de Gobierno, H\u00e9ctor Hugo Ram\u00edrez Escobedo, en representaci\u00f3n del alcalde Jos\u00e9 Humberto Salazar Contreras.<\/p>\n<p>Durante la apertura de la conmemoraci\u00f3n, Vargas Gonz\u00e1lez afirm\u00f3 que a lo largo de su historia, el Heroico Colegio Militar ha formado j\u00f3venes mexicanos profesionales, capacitados para cumplir con las misiones generales de las fuerzas armadas. Tambi\u00e9n agreg\u00f3 que, en el marco de la celebraci\u00f3n de sus 200 a\u00f1os, la zona militar lleva a cabo actividades de acercamiento social.<\/p>\n<p><a  href=\"https:\/\/enconecte.com\/wp-content\/uploads\/2023\/06\/d89f9b86-a152-485b-b36b-6b59319d7318.jpg\" data-rel=\"lightbox-gallery-0\" data-rl_title=\"\" data-rl_caption=\"\" title=\"\"><img loading=\"lazy\" decoding=\"async\" class=\"alignnone size-full wp-image-22420\" src=\"https:\/\/enconecte.com\/wp-content\/uploads\/2023\/06\/d89f9b86-a152-485b-b36b-6b59319d7318.jpg\" alt=\"\" width=\"1599\" height=\"1066\" srcset=\"https:\/\/enconecte.com\/wp-content\/uploads\/2023\/06\/d89f9b86-a152-485b-b36b-6b59319d7318.jpg 1599w, https:\/\/enconecte.com\/wp-content\/uploads\/2023\/06\/d89f9b86-a152-485b-b36b-6b59319d7318-300x200.jpg 300w, https:\/\/enconecte.com\/wp-content\/uploads\/2023\/06\/d89f9b86-a152-485b-b36b-6b59319d7318-1024x683.jpg 1024w, https:\/\/enconecte.com\/wp-content\/uploads\/2023\/06\/d89f9b86-a152-485b-b36b-6b59319d7318-768x512.jpg 768w, https:\/\/enconecte.com\/wp-content\/uploads\/2023\/06\/d89f9b86-a152-485b-b36b-6b59319d7318-1536x1024.jpg 1536w, https:\/\/enconecte.com\/wp-content\/uploads\/2023\/06\/d89f9b86-a152-485b-b36b-6b59319d7318-150x100.jpg 150w, https:\/\/enconecte.com\/wp-content\/uploads\/2023\/06\/d89f9b86-a152-485b-b36b-6b59319d7318-696x464.jpg 696w, https:\/\/enconecte.com\/wp-content\/uploads\/2023\/06\/d89f9b86-a152-485b-b36b-6b59319d7318-1068x712.jpg 1068w, https:\/\/enconecte.com\/wp-content\/uploads\/2023\/06\/d89f9b86-a152-485b-b36b-6b59319d7318-630x420.jpg 630w\" sizes=\"auto, (max-width: 1599px) 100vw, 1599px\" \/><\/a><\/p>\n<p>Por su parte, el secretario General de Gobierno reconoci\u00f3 p\u00fablicamente el esfuerzo de la Secretar\u00eda de la Defensa Nacional (SEDENA) por fomentar el acercamiento entre las autoridades y la ciudadan\u00eda. Asimismo, destac\u00f3 el trabajo de los elementos de la Guardia Nacional, quienes dedican su vida a la pacificaci\u00f3n del territorio nacional. Mencion\u00f3 que desde la creaci\u00f3n de esta instituci\u00f3n de \u00e9lite, han demostrado que existe un camino diferente hacia la pacificaci\u00f3n. Tambi\u00e9n resalt\u00f3 el trabajo de la Polic\u00eda Estatal Preventiva y, de manera especial, record\u00f3 el papel de los hombres y mujeres a caballo durante las transformaciones del pa\u00eds en la Independencia, la Guerra de Reforma y la Revoluci\u00f3n Mexicana.<\/p>\n<p>El Secretario de Turismo, Le Roy Barrag\u00e1n Ocampo, destac\u00f3 al Heroico Colegio Militar como un s\u00edmbolo de valent\u00eda y sacrificio de los hombres y mujeres que han luchado por la libertad e independencia de M\u00e9xico. Consider\u00f3 oportuno honrar y recordar a aquellos que dieron su vida por la Patria.<\/p>\n<p>La marcha ecuestre parti\u00f3 del Lienzo Charro Pokar de Ases e ingres\u00f3 a la ciudad por el boulevard salida a Tepentongo. Luego recorri\u00f3 las calles Alameda Sur y Poniente, hasta llegar a la Glorieta Garc\u00eda Salinas. Continu\u00f3 por la Calle del Hospicio, San Luis, Morelos, Guanajuato, Plaza Principal y Bizarra Capital, para luego retornar al punto de partida.<\/p>\n<p>El recorrido fue encabezado por elementos del cuerpo de Caballer\u00eda y Defensa Rural, as\u00ed como la Polic\u00eda Montada del estado y las Asociaciones Amigos de Jerez, Lino Rodarte, La Loma de Jerez, Charros de la Loma de Jerez, Asociaci\u00f3n de Charros Compadres de Jerez, Asociaci\u00f3n de Cabalgantes de Zacatecas General P\u00e1nfilo Natera y escaramuzas Reinas del Pokar. Como parte final de la conmemoraci\u00f3n, se realiz\u00f3 entre los participantes, el sorteo de tres monturas donadas por el Gobierno Municipal.<\/p>\n","protected":false},"excerpt":{"rendered":"<p>El municipio de Jerez fue sede de la Tercera Cabalgata Bicentenario del Heroico Colegio Militar, cuyo objetivo fue permitir que las familias convivieran con sus fuerzas armadas, buscando en todo momento fortalecer el sentido de pertenencia e identidad nacionales. Esta informaci\u00f3n fue proporcionada por el comandante de la Onceava Zona Militar, General de Brigada Diplomado [&hellip;]<\/p>\n","protected":false},"author":9,"featured_media":22422,"comment_status":"closed","ping_status":"closed","sticky":false,"template":"","format":"standard","meta":{"footnotes":""},"categories":[1370],"tags":[],"class_list":["post-22419","post","type-post","status-publish","format-standard","has-post-thumbnail","hentry","category-jerez"],"_links":{"self":[{"href":"https:\/\/enconecte.com\/index.php?rest_route=\/wp\/v2\/posts\/22419","targetHints":{"allow":["GET"]}}],"collection":[{"href":"https:\/\/enconecte.com\/index.php?rest_route=\/wp\/v2\/posts"}],"about":[{"href":"https:\/\/enconecte.com\/index.php?rest_route=\/wp\/v2\/types\/post"}],"author":[{"embeddable":true,"href":"https:\/\/enconecte.com\/index.php?rest_route=\/wp\/v2\/users\/9"}],"replies":[{"embeddable":true,"href":"https:\/\/enconecte.com\/index.php?rest_route=%2Fwp%2Fv2%2Fcomments&post=22419"}],"version-history":[{"count":0,"href":"https:\/\/enconecte.com\/index.php?rest_route=\/wp\/v2\/posts\/22419\/revisions"}],"wp:featuredmedia":[{"embeddable":true,"href":"https:\/\/enconecte.com\/index.php?rest_route=\/wp\/v2\/media\/22422"}],"wp:attachment":[{"href":"https:\/\/enconecte.com\/index.php?rest_route=%2Fwp%2Fv2%2Fmedia&parent=22419"}],"wp:term":[{"taxonomy":"category","embeddable":true,"href":"https:\/\/enconecte.com\/index.php?rest_route=%2Fwp%2Fv2%2Fcategories&post=22419"},{"taxonomy":"post_tag","embeddable":true,"href":"https:\/\/enconecte.com\/index.php?rest_route=%2Fwp%2Fv2%2Ftags&post=22419"}],"curies":[{"name":"wp","href":"https:\/\/api.w.org\/{rel}","templated":true}]}}