{"id":22417,"date":"2023-06-08T11:32:00","date_gmt":"2023-06-08T17:32:00","guid":{"rendered":"https:\/\/enconecte.com\/?p=22417"},"modified":"2023-06-20T14:56:54","modified_gmt":"2023-06-20T20:56:54","slug":"presentan-programa-juegos-florales-a-ramon-lopez-velarde-2023-en-jerez","status":"publish","type":"post","link":"https:\/\/enconecte.com\/?p=22417","title":{"rendered":"PRESENTAN PROGRAMA JUEGOS FLORALES A RAM\u00d3N L\u00d3PEZ VELARDE 2023 EN JEREZ"},"content":{"rendered":"<ul>\n<li>Programa a realizarse del 14 al 19 de junio 2023.<\/li>\n<\/ul>\n<p>Jerez, Zac.-En casa Alk\u00e1zar, la ma\u00f1ana de este jueves se present\u00f3 el programa de los \u201cJuegos Florales a Ram\u00f3n L\u00f3pez Velarde 2023\u201d, premios literarios de reconocido prestigio a nivel nacional y que en esta ocasi\u00f3n conmemoran el LXXXV aniversario del natalicio y LXX del fallecimiento del poeta y bardo jerezano Ram\u00f3n L\u00f3pez Velarde, el m\u00e1s espec\u00edficamente mexicano de los l\u00edricos del pa\u00eds. Por ello, el gobierno municipal 2021-2024, en coordinaci\u00f3n con el Instituto Jerezano de Cultura \u201cArturo P\u00e9rez Torres\u201d presentaron el programa en honor al jerezano que tendr\u00e1 lugar del 14 al 19 de junio.<\/p>\n<p>El director del Instituto Jerezano de Cultura, Lic. V\u00edctor Hu\u00edzar Iturriaga, explic\u00f3 que esta es la fiesta de la poes\u00eda y es un certamen literario muy importante en M\u00e9xico, donde participaron 43 poetas de todo el pa\u00eds. Estos Juegos Florales son identidad jerezana, en donde el premio al vencedor ser\u00e1 la Rosa Dorada, enmarcado con un programa sobrio y muy especial.<\/p>\n<p>El alcalde de Jerez, Dr. Jos\u00e9 Humberto Salazar Contreras, declar\u00f3 que este evento anual que reconoce a lo mejor de la poes\u00eda nacional y para finalizar expres\u00f3:\u201cla poes\u00eda y la narrativa sigan floreciendo en nuestra naci\u00f3n\u201d.<\/p>\n<p>Posteriormente los funcionarios presentes: Lic. Yosafat de la Torre, director de Desarrollo Econ\u00f3mico, Mtra. Mar\u00eda Esther Ibarra, coordinadora de Educaci\u00f3n, Lic. Francisco Serrano, director Turismo y la Mtra. Mar\u00eda Asunci\u00f3n Flores, directora de la Escuela de M\u00fasica Candelario Huizar, detallaron el programa cultural compuesto de ofrendas florales, presentaciones de editoriales, grupos corales, orquestas sinf\u00f3nicas y la ceremonia de premiaci\u00f3n que ser\u00e1n tres categor\u00edas: Poes\u00eda $25,000.00 y una Rosa Dorada; Narrativa $25,000.00 y una estatuilla; y el Premio Especial a un jerezano de $10,000.00, a criterio de los jueces, mismos que cuentan con amplia trayectoria literaria y son for\u00e1neos.<\/p>\n","protected":false},"excerpt":{"rendered":"<p>Programa a realizarse del 14 al 19 de junio 2023. Jerez, Zac.-En casa Alk\u00e1zar, la ma\u00f1ana de este jueves se present\u00f3 el programa de los \u201cJuegos Florales a Ram\u00f3n L\u00f3pez Velarde 2023\u201d, premios literarios de reconocido prestigio a nivel nacional y que en esta ocasi\u00f3n conmemoran el LXXXV aniversario del natalicio y LXX del fallecimiento [&hellip;]<\/p>\n","protected":false},"author":9,"featured_media":22418,"comment_status":"closed","ping_status":"closed","sticky":false,"template":"","format":"standard","meta":{"footnotes":""},"categories":[1370],"tags":[],"class_list":["post-22417","post","type-post","status-publish","format-standard","has-post-thumbnail","hentry","category-jerez"],"_links":{"self":[{"href":"https:\/\/enconecte.com\/index.php?rest_route=\/wp\/v2\/posts\/22417","targetHints":{"allow":["GET"]}}],"collection":[{"href":"https:\/\/enconecte.com\/index.php?rest_route=\/wp\/v2\/posts"}],"about":[{"href":"https:\/\/enconecte.com\/index.php?rest_route=\/wp\/v2\/types\/post"}],"author":[{"embeddable":true,"href":"https:\/\/enconecte.com\/index.php?rest_route=\/wp\/v2\/users\/9"}],"replies":[{"embeddable":true,"href":"https:\/\/enconecte.com\/index.php?rest_route=%2Fwp%2Fv2%2Fcomments&post=22417"}],"version-history":[{"count":0,"href":"https:\/\/enconecte.com\/index.php?rest_route=\/wp\/v2\/posts\/22417\/revisions"}],"wp:featuredmedia":[{"embeddable":true,"href":"https:\/\/enconecte.com\/index.php?rest_route=\/wp\/v2\/media\/22418"}],"wp:attachment":[{"href":"https:\/\/enconecte.com\/index.php?rest_route=%2Fwp%2Fv2%2Fmedia&parent=22417"}],"wp:term":[{"taxonomy":"category","embeddable":true,"href":"https:\/\/enconecte.com\/index.php?rest_route=%2Fwp%2Fv2%2Fcategories&post=22417"},{"taxonomy":"post_tag","embeddable":true,"href":"https:\/\/enconecte.com\/index.php?rest_route=%2Fwp%2Fv2%2Ftags&post=22417"}],"curies":[{"name":"wp","href":"https:\/\/api.w.org\/{rel}","templated":true}]}}