{"id":22415,"date":"2023-06-07T11:30:49","date_gmt":"2023-06-07T17:30:49","guid":{"rendered":"https:\/\/enconecte.com\/?p=22415"},"modified":"2023-06-20T14:56:54","modified_gmt":"2023-06-20T20:56:54","slug":"jerez-sede-del-festival-mes-del-coche-mes-del-padre","status":"publish","type":"post","link":"https:\/\/enconecte.com\/?p=22415","title":{"rendered":"JEREZ SEDE DEL FESTIVAL \u201cMES DEL COCHE, MES DEL PADRE\u201d"},"content":{"rendered":"<ul>\n<li>Festival con una afluencia proyectada de 200 a 300 autos cl\u00e1sicos.<\/li>\n<\/ul>\n<p>Jerez, Zac.- Con el objetivo de reactivar la econom\u00eda y el turismo en Jerez, esta tarde se present\u00f3 en el bar &#8220;5to elemento&#8221; el programa del Festival &#8220;Mes del coche, mes del padre&#8221;. El evento es organizado por el Club de autos cl\u00e1sicos &#8220;Auto Imagen&#8221;, en coordinaci\u00f3n con la administraci\u00f3n municipal 2021-2024 a trav\u00e9s de la direcci\u00f3n de Desarrollo Econ\u00f3mico y Social, y cuenta con el patrocinio de 61 comercios jerezanos. El festival, que busca celebrar tanto al padre como a los autom\u00f3viles cl\u00e1sicos de diversas marcas, se llevar\u00e1 a cabo los pr\u00f3ximos 17 y 18 de junio.<\/p>\n<p>En la inauguraci\u00f3n, Eduardo Garc\u00eda, presidente y fundador del club Auto Imagen, manifest\u00f3 que este festival surge para conmemorar el D\u00eda del Padre y contar\u00e1 con la presencia de autos cl\u00e1sicos de diferentes marcas. Adem\u00e1s, expres\u00f3 su deseo de que este evento se convierta en una tradici\u00f3n anual y extendi\u00f3 una invitaci\u00f3n a los comercios locales para que se inscriban y ofrezcan sus productos durante el festival. A continuaci\u00f3n, Miguel S\u00e1nchez, comisionado de eventos y reuniones, agradeci\u00f3 el apoyo del municipio y de la C\u00e1mara de Comercio, y aprovech\u00f3 la oportunidad para anunciar otros eventos planificados por el club, como rodadas, destapes y desfiles. Tambi\u00e9n revel\u00f3 la primicia de una galer\u00eda fotogr\u00e1fica dedicada a los autos jerezanos.<\/p>\n<p>Miguel Ibarra, presidente de la C\u00e1mara de Comercio de Jerez, mencion\u00f3 que se espera que los visitantes pernocten al menos una noche, lo que generar\u00e1 un impacto econ\u00f3mico en el municipio. Por su parte, el Dr. Humberto Salazar, alcalde de Jerez, declar\u00f3 que se est\u00e1 trabajando para reactivar la econom\u00eda y fortalecer la seguridad tur\u00edstica, y anim\u00f3 a la colaboraci\u00f3n entre la poblaci\u00f3n civil y el municipio. Asegur\u00f3 que habr\u00e1 presencia de elementos de seguridad municipales, estatales y nacionales.<\/p>\n<p>Posteriormente, se llev\u00f3 a cabo la presentaci\u00f3n del cartel del festival, que incluye desfiles, destapes y exhibiciones de autos cl\u00e1sicos, una callejoneada, rifas, un \u00e1rea infantil, una exhibici\u00f3n de bicicletas cl\u00e1sicas, un concurso SPL y un open show. Destaca la presencia de Felipe Navarro, restaurador profesional del programa &#8220;Mexic\u00e1nicos&#8221;. Se espera la participaci\u00f3n de entre 200 y 300 veh\u00edculos, tanto locales como for\u00e1neos.<\/p>\n","protected":false},"excerpt":{"rendered":"<p>Festival con una afluencia proyectada de 200 a 300 autos cl\u00e1sicos. Jerez, Zac.- Con el objetivo de reactivar la econom\u00eda y el turismo en Jerez, esta tarde se present\u00f3 en el bar &#8220;5to elemento&#8221; el programa del Festival &#8220;Mes del coche, mes del padre&#8221;. El evento es organizado por el Club de autos cl\u00e1sicos &#8220;Auto [&hellip;]<\/p>\n","protected":false},"author":9,"featured_media":22416,"comment_status":"closed","ping_status":"closed","sticky":false,"template":"","format":"standard","meta":{"footnotes":""},"categories":[1370],"tags":[],"class_list":["post-22415","post","type-post","status-publish","format-standard","has-post-thumbnail","hentry","category-jerez"],"_links":{"self":[{"href":"https:\/\/enconecte.com\/index.php?rest_route=\/wp\/v2\/posts\/22415","targetHints":{"allow":["GET"]}}],"collection":[{"href":"https:\/\/enconecte.com\/index.php?rest_route=\/wp\/v2\/posts"}],"about":[{"href":"https:\/\/enconecte.com\/index.php?rest_route=\/wp\/v2\/types\/post"}],"author":[{"embeddable":true,"href":"https:\/\/enconecte.com\/index.php?rest_route=\/wp\/v2\/users\/9"}],"replies":[{"embeddable":true,"href":"https:\/\/enconecte.com\/index.php?rest_route=%2Fwp%2Fv2%2Fcomments&post=22415"}],"version-history":[{"count":0,"href":"https:\/\/enconecte.com\/index.php?rest_route=\/wp\/v2\/posts\/22415\/revisions"}],"wp:featuredmedia":[{"embeddable":true,"href":"https:\/\/enconecte.com\/index.php?rest_route=\/wp\/v2\/media\/22416"}],"wp:attachment":[{"href":"https:\/\/enconecte.com\/index.php?rest_route=%2Fwp%2Fv2%2Fmedia&parent=22415"}],"wp:term":[{"taxonomy":"category","embeddable":true,"href":"https:\/\/enconecte.com\/index.php?rest_route=%2Fwp%2Fv2%2Fcategories&post=22415"},{"taxonomy":"post_tag","embeddable":true,"href":"https:\/\/enconecte.com\/index.php?rest_route=%2Fwp%2Fv2%2Ftags&post=22415"}],"curies":[{"name":"wp","href":"https:\/\/api.w.org\/{rel}","templated":true}]}}