{"id":22407,"date":"2023-06-05T19:49:06","date_gmt":"2023-06-06T01:49:06","guid":{"rendered":"https:\/\/enconecte.com\/?p=22407"},"modified":"2023-08-01T00:23:48","modified_gmt":"2023-08-01T06:23:48","slug":"del-22-al-30-de-julio-la-segunda-edicion-de-la-semana-del-migrante-en-jerez","status":"publish","type":"post","link":"https:\/\/enconecte.com\/?p=22407","title":{"rendered":"DEL 22 AL 30 DE JULIO LA SEGUNDA EDICI\u00d3N DE LA SEMANA DEL MIGRANTE EN JEREZ"},"content":{"rendered":"<ul>\n<li>En los eventos masivos se confirma la presentaci\u00f3n art\u00edstica de Remy Valenzuela y el Yaki en la explanada de la Feria<\/li>\n<li>Los mejores equipos charros AA y AAA en el torneo Jerez Capital Migrante<\/li>\n<\/ul>\n<p>Jerez, Zac.- Autoridades municipales realizaron la presentaci\u00f3n del programa de la Segunda Semana del Migrante que tendr\u00e1 lugar del 22 al 30 de julio, con actividades sociales, culturales, artesanales, presentaciones art\u00edsticas que incluye dos eventos masivos y eventos charros con alto nivel de competencia, una actividad que el alcalde Jos\u00e9 Humberto Salazar Contreras impulsa como reconocimiento y agradecimiento a los paisanos que en alg\u00fan momento dejaron su tierra para buscar mejores horizontes.<\/p>\n<p>En conferencia de prensa, el presidente habl\u00f3 del origen de esta celebraci\u00f3n que surgi\u00f3 a ra\u00edz de pl\u00e1ticas con migrantes entusiastas y preocupados por su tierra; afirm\u00f3 que la primera edici\u00f3n se adopt\u00f3 de manera positiva, de tal forma que el Ayuntamiento 2021-2024 acord\u00f3 instituirla como actividad a realizarse el mes de julio de cada a\u00f1o. Jerez es el coraz\u00f3n de M\u00e9xico y el coraz\u00f3n de los migrantes, por eso el reconocimiento y agradecimiento a todos ellos, dijo el doctor Salazar.<\/p>\n<p>El programa comenzar\u00e1 el s\u00e1bado 22 con el Tianguis Ganadero en el Lienzo charro Pokar de Ases; el domingo 23 se realizar\u00e1 la Cabalgata Migrante, que inicia con una ofrenda floral frente al Monumento al Migrante y por la noche la presentaci\u00f3n art\u00edstica de Remy Valenzuela en la explanada de la Feria. El lunes 24 se efectuar\u00e1 la develaci\u00f3n de placas en el Paseo del Migrante y el concurso de decoraci\u00f3n de calles.<\/p>\n<p>La sesi\u00f3n solemne para condecorar a los jerezanos m\u00e1s destacados en Estados Unidos tendr\u00e1 lugar el martes 26, y ese mismo d\u00eda se celebrar\u00e1 la Misa del Migrante e inician las actividades charras en el Lienzo Pokar de Ases, que continuar\u00e1n el mi\u00e9rcoles, con equipos zacatecanos y asociaciones de jerezanos que practican este deporte en Estados Unidos, dentro del torneo Jerez Capital Migrante categor\u00eda AA.<\/p>\n<p>El encuentro tradicional de beisbol en Jomulquillo se desarrollar\u00e1 el mismo mi\u00e9rcoles, con la presentaci\u00f3n del equipo local y la novena de paisanos que tienen ra\u00edces en este lugar. El jueves actuar\u00e1 la Banda Sinf\u00f3nica del Gobierno del Estado y la Academia de danza de Jackie Ultreras, as\u00ed como el grupo de danza del Instituto Jerezano de Cultura.<\/p>\n<p>El viernes siguen las actividades charras con el coleadero en el Pokar de Ases, escenario que tambi\u00e9n recibir\u00e1 a seis de los mejores equipos charros del pa\u00eds entre ellos, Tres Potrillos de Vicente Fern\u00e1ndez, RG 2 de San Luis Potos\u00ed y Charros de la Laguna. Este d\u00eda se efectuar\u00e1 el segundo masivo, en las instalaciones de la feria con la actuaci\u00f3n de El Yaki.<\/p>\n<p><a  href=\"https:\/\/enconecte.com\/wp-content\/uploads\/2023\/06\/c6b6ebcc-b6d8-4b2b-8396-6d5eaf671c75.jpg\" data-rel=\"lightbox-gallery-0\" data-rl_title=\"\" data-rl_caption=\"\" title=\"\"><img loading=\"lazy\" decoding=\"async\" class=\"alignnone size-full wp-image-22408\" src=\"https:\/\/enconecte.com\/wp-content\/uploads\/2023\/06\/c6b6ebcc-b6d8-4b2b-8396-6d5eaf671c75.jpg\" alt=\"\" width=\"1600\" height=\"1066\" srcset=\"https:\/\/enconecte.com\/wp-content\/uploads\/2023\/06\/c6b6ebcc-b6d8-4b2b-8396-6d5eaf671c75.jpg 1600w, https:\/\/enconecte.com\/wp-content\/uploads\/2023\/06\/c6b6ebcc-b6d8-4b2b-8396-6d5eaf671c75-300x200.jpg 300w, https:\/\/enconecte.com\/wp-content\/uploads\/2023\/06\/c6b6ebcc-b6d8-4b2b-8396-6d5eaf671c75-1024x682.jpg 1024w, https:\/\/enconecte.com\/wp-content\/uploads\/2023\/06\/c6b6ebcc-b6d8-4b2b-8396-6d5eaf671c75-768x512.jpg 768w, https:\/\/enconecte.com\/wp-content\/uploads\/2023\/06\/c6b6ebcc-b6d8-4b2b-8396-6d5eaf671c75-1536x1023.jpg 1536w, https:\/\/enconecte.com\/wp-content\/uploads\/2023\/06\/c6b6ebcc-b6d8-4b2b-8396-6d5eaf671c75-150x100.jpg 150w, https:\/\/enconecte.com\/wp-content\/uploads\/2023\/06\/c6b6ebcc-b6d8-4b2b-8396-6d5eaf671c75-696x464.jpg 696w, https:\/\/enconecte.com\/wp-content\/uploads\/2023\/06\/c6b6ebcc-b6d8-4b2b-8396-6d5eaf671c75-1068x712.jpg 1068w, https:\/\/enconecte.com\/wp-content\/uploads\/2023\/06\/c6b6ebcc-b6d8-4b2b-8396-6d5eaf671c75-630x420.jpg 630w\" sizes=\"auto, (max-width: 1600px) 100vw, 1600px\" \/><\/a><\/p>\n<p>El s\u00e1bado 29 se realizar\u00e1 la Callejoneada Migrante por las principales calles de la ciudad, para concluir en la Alameda; y el domingo terminan las actividades con el desfile que se realizar\u00e1 desde la Glorieta Garc\u00eda Salinas al Puente del R\u00edo Grande.<\/p>\n<p>El alcalde realiz\u00f3 la revelaci\u00f3n del programa, en compa\u00f1\u00eda de su esposa, la presidenta honor\u00edfica del DIF Bertha Alicia Garc\u00eda Duarte, la regidora Martha Alamillo Guzm\u00e1n, el director de Turismo Francisco Serrano Miranda, el responsable de Atenci\u00f3n al Migrante Rogelio Murillo Carrillo y Arturo Caldera, representante del Comit\u00e9.<\/p>\n","protected":false},"excerpt":{"rendered":"<p>En los eventos masivos se confirma la presentaci\u00f3n art\u00edstica de Remy Valenzuela y el Yaki en la explanada de la Feria Los mejores equipos charros AA y AAA en el torneo Jerez Capital Migrante Jerez, Zac.- Autoridades municipales realizaron la presentaci\u00f3n del programa de la Segunda Semana del Migrante que tendr\u00e1 lugar del 22 al [&hellip;]<\/p>\n","protected":false},"author":9,"featured_media":22409,"comment_status":"closed","ping_status":"closed","sticky":false,"template":"","format":"standard","meta":{"footnotes":""},"categories":[4,1370],"tags":[],"class_list":["post-22407","post","type-post","status-publish","format-standard","has-post-thumbnail","hentry","category-entretenimiento","category-jerez"],"_links":{"self":[{"href":"https:\/\/enconecte.com\/index.php?rest_route=\/wp\/v2\/posts\/22407","targetHints":{"allow":["GET"]}}],"collection":[{"href":"https:\/\/enconecte.com\/index.php?rest_route=\/wp\/v2\/posts"}],"about":[{"href":"https:\/\/enconecte.com\/index.php?rest_route=\/wp\/v2\/types\/post"}],"author":[{"embeddable":true,"href":"https:\/\/enconecte.com\/index.php?rest_route=\/wp\/v2\/users\/9"}],"replies":[{"embeddable":true,"href":"https:\/\/enconecte.com\/index.php?rest_route=%2Fwp%2Fv2%2Fcomments&post=22407"}],"version-history":[{"count":0,"href":"https:\/\/enconecte.com\/index.php?rest_route=\/wp\/v2\/posts\/22407\/revisions"}],"wp:featuredmedia":[{"embeddable":true,"href":"https:\/\/enconecte.com\/index.php?rest_route=\/wp\/v2\/media\/22409"}],"wp:attachment":[{"href":"https:\/\/enconecte.com\/index.php?rest_route=%2Fwp%2Fv2%2Fmedia&parent=22407"}],"wp:term":[{"taxonomy":"category","embeddable":true,"href":"https:\/\/enconecte.com\/index.php?rest_route=%2Fwp%2Fv2%2Fcategories&post=22407"},{"taxonomy":"post_tag","embeddable":true,"href":"https:\/\/enconecte.com\/index.php?rest_route=%2Fwp%2Fv2%2Ftags&post=22407"}],"curies":[{"name":"wp","href":"https:\/\/api.w.org\/{rel}","templated":true}]}}