{"id":22402,"date":"2023-06-03T19:45:44","date_gmt":"2023-06-04T01:45:44","guid":{"rendered":"https:\/\/enconecte.com\/?p=22402"},"modified":"2023-06-20T14:51:50","modified_gmt":"2023-06-20T20:51:50","slug":"personal-de-guarderia-del-dif-jerez-se-capacita-para-responder-a-incendios-y-contingencias","status":"publish","type":"post","link":"https:\/\/enconecte.com\/?p=22402","title":{"rendered":"PERSONAL DE GUARDER\u00cdA DEL DIF JEREZ SE CAPACITA PARA RESPONDER A INCENDIOS Y CONTINGENCIAS"},"content":{"rendered":"<p>Para cuidar la integridad de los peque\u00f1os que acuden a la Guarder\u00eda del DIF Municipal \u201cMar\u00eda Guadalupe Campos Navarro\u201d, su personal se capacit\u00f3 para dar respuesta efectiva e inmediata ante incendios y otras contingencias.<\/p>\n<p>El prop\u00f3sito de esta acci\u00f3n sigue la encomienda del alcalde Humberto Salazar Contreras, a la presidenta honor\u00edfica del Sistema, Bertha Alicia Garc\u00eda Duarte, de priorizar la seguridad de los infantes que acuden a los organismos adscritos del DIF.<\/p>\n<p>Por ello y con ayuda de la Unidad de Protecci\u00f3n Civil y Bomberos de Jerez, docentes de la estancia recibieron una nutrida pl\u00e1tica sobre la apertura y uso de extintores ante incendios, y la conformaci\u00f3n de brigadas internas de atenci\u00f3n a cat\u00e1strofes.<\/p>\n<p>De igual manera se les brind\u00f3 informaci\u00f3n te\u00f3rica y pr\u00e1ctica sobre la identificaci\u00f3n de zonas de riesgo y de resguardo seguro, as\u00ed como de primeros auxilios para adultos y menores.<\/p>\n<p>Al compartir instalaciones con la Guarder\u00eda, trabajadores del Centro de Desarrollo Comunitario (CDC) San Isidro, tambi\u00e9n fueron instruidos.<\/p>\n","protected":false},"excerpt":{"rendered":"<p>Para cuidar la integridad de los peque\u00f1os que acuden a la Guarder\u00eda del DIF Municipal \u201cMar\u00eda Guadalupe Campos Navarro\u201d, su personal se capacit\u00f3 para dar respuesta efectiva e inmediata ante incendios y otras contingencias. El prop\u00f3sito de esta acci\u00f3n sigue la encomienda del alcalde Humberto Salazar Contreras, a la presidenta honor\u00edfica del Sistema, Bertha Alicia [&hellip;]<\/p>\n","protected":false},"author":9,"featured_media":22403,"comment_status":"closed","ping_status":"closed","sticky":false,"template":"","format":"standard","meta":{"footnotes":""},"categories":[1370],"tags":[],"class_list":["post-22402","post","type-post","status-publish","format-standard","has-post-thumbnail","hentry","category-jerez"],"_links":{"self":[{"href":"https:\/\/enconecte.com\/index.php?rest_route=\/wp\/v2\/posts\/22402","targetHints":{"allow":["GET"]}}],"collection":[{"href":"https:\/\/enconecte.com\/index.php?rest_route=\/wp\/v2\/posts"}],"about":[{"href":"https:\/\/enconecte.com\/index.php?rest_route=\/wp\/v2\/types\/post"}],"author":[{"embeddable":true,"href":"https:\/\/enconecte.com\/index.php?rest_route=\/wp\/v2\/users\/9"}],"replies":[{"embeddable":true,"href":"https:\/\/enconecte.com\/index.php?rest_route=%2Fwp%2Fv2%2Fcomments&post=22402"}],"version-history":[{"count":0,"href":"https:\/\/enconecte.com\/index.php?rest_route=\/wp\/v2\/posts\/22402\/revisions"}],"wp:featuredmedia":[{"embeddable":true,"href":"https:\/\/enconecte.com\/index.php?rest_route=\/wp\/v2\/media\/22403"}],"wp:attachment":[{"href":"https:\/\/enconecte.com\/index.php?rest_route=%2Fwp%2Fv2%2Fmedia&parent=22402"}],"wp:term":[{"taxonomy":"category","embeddable":true,"href":"https:\/\/enconecte.com\/index.php?rest_route=%2Fwp%2Fv2%2Fcategories&post=22402"},{"taxonomy":"post_tag","embeddable":true,"href":"https:\/\/enconecte.com\/index.php?rest_route=%2Fwp%2Fv2%2Ftags&post=22402"}],"curies":[{"name":"wp","href":"https:\/\/api.w.org\/{rel}","templated":true}]}}