{"id":22398,"date":"2023-06-02T19:42:06","date_gmt":"2023-06-03T01:42:06","guid":{"rendered":"https:\/\/enconecte.com\/?p=22398"},"modified":"2023-06-20T14:51:50","modified_gmt":"2023-06-20T20:51:50","slug":"los-pueblos-magicos-de-zacatecas-procuramos-una-misma-vision-e-intension-de-mejorar-doctor-salazar","status":"publish","type":"post","link":"https:\/\/enconecte.com\/?p=22398","title":{"rendered":"LOS PUEBLOS M\u00c1GICOS DE ZACATECAS PROCURAMOS UNA MISMA VISI\u00d3N E INTENSI\u00d3N DE MEJORAR: DOCTOR SALAZAR"},"content":{"rendered":"<ul>\n<li>Entrega el alcalde la estafeta como sede del Cuarto Encuentro Estatal de Pueblos M\u00e1gicos a Nochistl\u00e1n<\/li>\n<\/ul>\n<p>Jerez, Zac.- Al realizar la clausura del Tercer Encuentro Estatal de Pueblos M\u00e1gicos, el alcalde Jos\u00e9 Humberto Salazar Contreras destac\u00f3 la importancia de que los municipios de la entidad que cuentan con este nombramiento, tengan la misma visi\u00f3n e intensi\u00f3n de mejorar los lugares que representan, esto luego de las conferencias que ofrecieron mujeres especializadas en el tema tur\u00edstico, como parte del programa que se desarroll\u00f3 en este municipio.<\/p>\n<p>En este marco y en nombre del pueblo que tiene el distintivo del m\u00e1s alegre de M\u00e9xico, el doctor Salazar entreg\u00f3 la estafeta al municipio de Nochistl\u00e1n, para recibir el siguiente encuentro estatal e hizo entrega del reconocimiento a la representaci\u00f3n de la futura sede, por su participaci\u00f3n en las actividades desarrolladas durante estos d\u00edas en Jerez.<\/p>\n<p>Asimismo, reconoci\u00f3 a las ponentes que compartieron conocimientos y experiencias con los representantes de los pueblos m\u00e1gicos de Zacatecas, Mar\u00eda Guadalupe Alicia Navarro Flores, Nedith Mariana Ruiz Ambriz, Mar\u00eda Lorena Salas Acevedo, Celia Torres Muhech y la narradora oral Eugenia M\u00e1rquez S\u00e1nchez, quienes transmitieron sus conocimientos, que sin duda, dijo, contribuir\u00e1n para enriquecer tur\u00edsticamente a cada uno de los municipios participantes.<\/p>\n<p>La tem\u00e1tica impartida fue la \u201cVisi\u00f3n sobre los Pueblos M\u00e1gicos\u201d; \u201cDisfruta los Pueblos M\u00e1gicos a trav\u00e9s de los sentidos\u201d; \u201cRiqueza Patrimonial y Vocacional de los Pueblos M\u00e1gicos\u201d y adem\u00e1s, la fundadora de la narraci\u00f3n oral en Zacatecas hizo una exposici\u00f3n sobre la magia de nuestra tierra, que se expresa en la Suave Patria de Ram\u00f3n L\u00f3pez Velarde, en cuyas estrofas puede encontrarse una forma po\u00e9tica de promocionar tur\u00edsticamente a cada rinc\u00f3n de M\u00e9xico.<\/p>\n<p><a  href=\"https:\/\/enconecte.com\/wp-content\/uploads\/2023\/06\/d52c2b49-fbc6-4ccd-9fe7-e113e6669c17.jpg\" data-rel=\"lightbox-gallery-0\" data-rl_title=\"\" data-rl_caption=\"\" title=\"\"><img loading=\"lazy\" decoding=\"async\" class=\"alignnone size-full wp-image-22400\" src=\"https:\/\/enconecte.com\/wp-content\/uploads\/2023\/06\/d52c2b49-fbc6-4ccd-9fe7-e113e6669c17.jpg\" alt=\"\" width=\"1599\" height=\"1066\" srcset=\"https:\/\/enconecte.com\/wp-content\/uploads\/2023\/06\/d52c2b49-fbc6-4ccd-9fe7-e113e6669c17.jpg 1599w, https:\/\/enconecte.com\/wp-content\/uploads\/2023\/06\/d52c2b49-fbc6-4ccd-9fe7-e113e6669c17-300x200.jpg 300w, https:\/\/enconecte.com\/wp-content\/uploads\/2023\/06\/d52c2b49-fbc6-4ccd-9fe7-e113e6669c17-1024x683.jpg 1024w, https:\/\/enconecte.com\/wp-content\/uploads\/2023\/06\/d52c2b49-fbc6-4ccd-9fe7-e113e6669c17-768x512.jpg 768w, https:\/\/enconecte.com\/wp-content\/uploads\/2023\/06\/d52c2b49-fbc6-4ccd-9fe7-e113e6669c17-1536x1024.jpg 1536w, https:\/\/enconecte.com\/wp-content\/uploads\/2023\/06\/d52c2b49-fbc6-4ccd-9fe7-e113e6669c17-150x100.jpg 150w, https:\/\/enconecte.com\/wp-content\/uploads\/2023\/06\/d52c2b49-fbc6-4ccd-9fe7-e113e6669c17-696x464.jpg 696w, https:\/\/enconecte.com\/wp-content\/uploads\/2023\/06\/d52c2b49-fbc6-4ccd-9fe7-e113e6669c17-1068x712.jpg 1068w, https:\/\/enconecte.com\/wp-content\/uploads\/2023\/06\/d52c2b49-fbc6-4ccd-9fe7-e113e6669c17-630x420.jpg 630w\" sizes=\"auto, (max-width: 1599px) 100vw, 1599px\" \/><\/a><\/p>\n<p>Mar\u00eda Guadalupe Navarro Flores record\u00f3 que ante las circunstancias actuales, es bueno tomar en cuenta que a nivel local tambi\u00e9n se puede hacer turismo, voltear a ver a los excursionistas que puede ser nuestra propia poblaci\u00f3n y considerar actividades cotidianas que se pueden llevar a cabo como atractivo. Nedith Mariana Ruiz Ambriz, propuso buscar despertar las emociones de los visitantes a trav\u00e9s de los cinco sentidos, mediante im\u00e1genes, sonidos, olores, sabores y lo que se puede palpar de cada pueblo.<\/p>\n<p>Mar\u00eda Lorena Salas precis\u00f3 que Jerez no es s\u00f3lo la cabecera sino la riqueza de sus comunidades y record\u00f3 que nuestros pueblos tienen m\u00e1s de 400 a\u00f1os, hay una historia en ellos, existen vestigios y personajes que han dejado su huella y cada uno tiene su aportaci\u00f3n.<\/p>\n<p>Entretanto Celia Torres Muhech destac\u00f3 la importancia en la identidad de cada pueblo, pues sin ello, es complicado que los turistas vengan s\u00f3lo por las tostadas o la fiesta; plante\u00f3 la necesidad de conocer las ra\u00edces y los or\u00edgenes, pero tambi\u00e9n lo actual, para hacer crecer en materia tur\u00edstica a nuestros pueblos y nuestras ciudades.<\/p>\n","protected":false},"excerpt":{"rendered":"<p>Entrega el alcalde la estafeta como sede del Cuarto Encuentro Estatal de Pueblos M\u00e1gicos a Nochistl\u00e1n Jerez, Zac.- Al realizar la clausura del Tercer Encuentro Estatal de Pueblos M\u00e1gicos, el alcalde Jos\u00e9 Humberto Salazar Contreras destac\u00f3 la importancia de que los municipios de la entidad que cuentan con este nombramiento, tengan la misma visi\u00f3n e [&hellip;]<\/p>\n","protected":false},"author":9,"featured_media":22399,"comment_status":"closed","ping_status":"closed","sticky":false,"template":"","format":"standard","meta":{"footnotes":""},"categories":[1370],"tags":[],"class_list":["post-22398","post","type-post","status-publish","format-standard","has-post-thumbnail","hentry","category-jerez"],"_links":{"self":[{"href":"https:\/\/enconecte.com\/index.php?rest_route=\/wp\/v2\/posts\/22398","targetHints":{"allow":["GET"]}}],"collection":[{"href":"https:\/\/enconecte.com\/index.php?rest_route=\/wp\/v2\/posts"}],"about":[{"href":"https:\/\/enconecte.com\/index.php?rest_route=\/wp\/v2\/types\/post"}],"author":[{"embeddable":true,"href":"https:\/\/enconecte.com\/index.php?rest_route=\/wp\/v2\/users\/9"}],"replies":[{"embeddable":true,"href":"https:\/\/enconecte.com\/index.php?rest_route=%2Fwp%2Fv2%2Fcomments&post=22398"}],"version-history":[{"count":0,"href":"https:\/\/enconecte.com\/index.php?rest_route=\/wp\/v2\/posts\/22398\/revisions"}],"wp:featuredmedia":[{"embeddable":true,"href":"https:\/\/enconecte.com\/index.php?rest_route=\/wp\/v2\/media\/22399"}],"wp:attachment":[{"href":"https:\/\/enconecte.com\/index.php?rest_route=%2Fwp%2Fv2%2Fmedia&parent=22398"}],"wp:term":[{"taxonomy":"category","embeddable":true,"href":"https:\/\/enconecte.com\/index.php?rest_route=%2Fwp%2Fv2%2Fcategories&post=22398"},{"taxonomy":"post_tag","embeddable":true,"href":"https:\/\/enconecte.com\/index.php?rest_route=%2Fwp%2Fv2%2Ftags&post=22398"}],"curies":[{"name":"wp","href":"https:\/\/api.w.org\/{rel}","templated":true}]}}