{"id":22392,"date":"2023-06-01T23:49:38","date_gmt":"2023-06-02T05:49:38","guid":{"rendered":"https:\/\/enconecte.com\/?p=22392"},"modified":"2023-06-20T14:51:50","modified_gmt":"2023-06-20T20:51:50","slug":"inauguran-oficialmente-el-tercer-encuentro-de-pueblos-magicos-en-jerez-con-conferencias","status":"publish","type":"post","link":"https:\/\/enconecte.com\/?p=22392","title":{"rendered":"INAUGURAN OFICIALMENTE EL TERCER ENCUENTRO DE PUEBLOS M\u00c1GICOS EN JEREZ CON CONFERENCIAS"},"content":{"rendered":"<ul>\n<li>La inauguraci\u00f3n fue enmarcada por dos conferencias magistrales en temas tur\u00edsticos.<\/li>\n<\/ul>\n<p>Jerez, Zac. &#8211; Jerez, el pueblo m\u00e1gico m\u00e1s alegre, fue elegido como sede del Tercer Encuentro Estatal de Pueblos M\u00e1gicos. En esta ocasi\u00f3n, el gobierno municipal 2021-2024, a trav\u00e9s del departamento de Turismo Municipal y en coordinaci\u00f3n con la Secretar\u00eda de Turismo y Pueblos M\u00e1gicos, llev\u00f3 a cabo la inauguraci\u00f3n oficial, que estuvo enmarcada por dos conferencias magistrales. Asistieron representantes de los pueblos m\u00e1gicos Guadalupe, Pinos, Nochistl\u00e1n y Sombrerete.<\/p>\n<p>Durante la inauguraci\u00f3n, el Lic. Francisco Serrano Miranda, director de Turismo Municipal, explic\u00f3 que la indicaci\u00f3n del Dr. Jos\u00e9 Humberto Salazar, alcalde municipal, ha sido fortalecer el turismo local y apoyar a aquellos que brindan servicios en \u00e9l. Por esta raz\u00f3n, se realizaron estas conferencias. Antes de comenzar las conferencias, el Lic. H\u00e9ctor Hugo Ram\u00edrez Escobedo, secretario de Gobierno y representante del alcalde de Jerez, declar\u00f3 que estas capacitaciones buscan fortalecer el turismo y promover a Jerez como un destino tur\u00edstico de primer nivel. Adem\u00e1s, reconoci\u00f3 que es necesario seguir trabajando para aprovechar al m\u00e1ximo su potencial y convertirlo en empleo y desarrollo econ\u00f3mico. Finalmente, agradeci\u00f3 a los prestadores de servicios por recibir a los visitantes y ofrecerles experiencias inolvidables durante su estancia.<\/p>\n<p><a  href=\"https:\/\/enconecte.com\/wp-content\/uploads\/2023\/06\/b99cfcd6-4639-4631-b659-13c021946ae9-1.jpg\" data-rel=\"lightbox-gallery-0\" data-rl_title=\"\" data-rl_caption=\"\" title=\"\"><img loading=\"lazy\" decoding=\"async\" class=\"alignnone size-full wp-image-22396\" src=\"https:\/\/enconecte.com\/wp-content\/uploads\/2023\/06\/b99cfcd6-4639-4631-b659-13c021946ae9-1.jpg\" alt=\"\" width=\"1600\" height=\"1066\" srcset=\"https:\/\/enconecte.com\/wp-content\/uploads\/2023\/06\/b99cfcd6-4639-4631-b659-13c021946ae9-1.jpg 1600w, https:\/\/enconecte.com\/wp-content\/uploads\/2023\/06\/b99cfcd6-4639-4631-b659-13c021946ae9-1-300x200.jpg 300w, https:\/\/enconecte.com\/wp-content\/uploads\/2023\/06\/b99cfcd6-4639-4631-b659-13c021946ae9-1-1024x682.jpg 1024w, https:\/\/enconecte.com\/wp-content\/uploads\/2023\/06\/b99cfcd6-4639-4631-b659-13c021946ae9-1-768x512.jpg 768w, https:\/\/enconecte.com\/wp-content\/uploads\/2023\/06\/b99cfcd6-4639-4631-b659-13c021946ae9-1-1536x1023.jpg 1536w, https:\/\/enconecte.com\/wp-content\/uploads\/2023\/06\/b99cfcd6-4639-4631-b659-13c021946ae9-1-150x100.jpg 150w, https:\/\/enconecte.com\/wp-content\/uploads\/2023\/06\/b99cfcd6-4639-4631-b659-13c021946ae9-1-696x464.jpg 696w, https:\/\/enconecte.com\/wp-content\/uploads\/2023\/06\/b99cfcd6-4639-4631-b659-13c021946ae9-1-1068x712.jpg 1068w, https:\/\/enconecte.com\/wp-content\/uploads\/2023\/06\/b99cfcd6-4639-4631-b659-13c021946ae9-1-630x420.jpg 630w\" sizes=\"auto, (max-width: 1600px) 100vw, 1600px\" \/><\/a><\/p>\n<p>En el evento estuvieron presentes la Lic. Jaqueline Ultreras, regidora comisionada a Turismo, y el Lic. H\u00e9ctor Rodr\u00edguez Nava, cronista adjunto. Posteriormente, se dieron inicio a las conferencias magistrales. La primera fue sobre Imagen Urbana, a cargo de la Dra. Raquel Ciceley Toribio Rivas, directora general de la Junta de Protecci\u00f3n y Conservaci\u00f3n de Monumentos y Zonas T\u00edpicas del Estado de Zacatecas. La segunda conferencia fue sobre Imagen Urbana, dictada por el Lic. en Artes Visuales, V\u00edctor Daniel Contreras Loera. Ambas conferencias fueron presenciadas por alumnos del COBAEG plantel 04 y prestadores de servicios tur\u00edsticos.<\/p>\n","protected":false},"excerpt":{"rendered":"<p>La inauguraci\u00f3n fue enmarcada por dos conferencias magistrales en temas tur\u00edsticos. Jerez, Zac. &#8211; Jerez, el pueblo m\u00e1gico m\u00e1s alegre, fue elegido como sede del Tercer Encuentro Estatal de Pueblos M\u00e1gicos. En esta ocasi\u00f3n, el gobierno municipal 2021-2024, a trav\u00e9s del departamento de Turismo Municipal y en coordinaci\u00f3n con la Secretar\u00eda de Turismo y Pueblos [&hellip;]<\/p>\n","protected":false},"author":9,"featured_media":22395,"comment_status":"closed","ping_status":"closed","sticky":false,"template":"","format":"standard","meta":{"footnotes":""},"categories":[1370],"tags":[],"class_list":["post-22392","post","type-post","status-publish","format-standard","has-post-thumbnail","hentry","category-jerez"],"_links":{"self":[{"href":"https:\/\/enconecte.com\/index.php?rest_route=\/wp\/v2\/posts\/22392","targetHints":{"allow":["GET"]}}],"collection":[{"href":"https:\/\/enconecte.com\/index.php?rest_route=\/wp\/v2\/posts"}],"about":[{"href":"https:\/\/enconecte.com\/index.php?rest_route=\/wp\/v2\/types\/post"}],"author":[{"embeddable":true,"href":"https:\/\/enconecte.com\/index.php?rest_route=\/wp\/v2\/users\/9"}],"replies":[{"embeddable":true,"href":"https:\/\/enconecte.com\/index.php?rest_route=%2Fwp%2Fv2%2Fcomments&post=22392"}],"version-history":[{"count":0,"href":"https:\/\/enconecte.com\/index.php?rest_route=\/wp\/v2\/posts\/22392\/revisions"}],"wp:featuredmedia":[{"embeddable":true,"href":"https:\/\/enconecte.com\/index.php?rest_route=\/wp\/v2\/media\/22395"}],"wp:attachment":[{"href":"https:\/\/enconecte.com\/index.php?rest_route=%2Fwp%2Fv2%2Fmedia&parent=22392"}],"wp:term":[{"taxonomy":"category","embeddable":true,"href":"https:\/\/enconecte.com\/index.php?rest_route=%2Fwp%2Fv2%2Fcategories&post=22392"},{"taxonomy":"post_tag","embeddable":true,"href":"https:\/\/enconecte.com\/index.php?rest_route=%2Fwp%2Fv2%2Ftags&post=22392"}],"curies":[{"name":"wp","href":"https:\/\/api.w.org\/{rel}","templated":true}]}}