{"id":22389,"date":"2023-06-01T23:42:54","date_gmt":"2023-06-02T05:42:54","guid":{"rendered":"https:\/\/enconecte.com\/?p=22389"},"modified":"2023-06-20T14:51:51","modified_gmt":"2023-06-20T20:51:51","slug":"degustacion-gastronomica-en-jerez-dentro-del-tercer-encuentro-estatal-de-pueblos-magicos","status":"publish","type":"post","link":"https:\/\/enconecte.com\/?p=22389","title":{"rendered":"DEGUSTACI\u00d3N GASTRON\u00d3MICA EN JEREZ DENTRO DEL TERCER ENCUENTRO ESTATAL DE PUEBLOS M\u00c1GICOS"},"content":{"rendered":"<ul>\n<li>&#8220;Jerez es el centro y ser\u00e1 el coraz\u00f3n del turismo en Zacatecas&#8221;, declar\u00f3 el Dr. Jos\u00e9 Humberto Salazar Contreras.<\/li>\n<\/ul>\n<p>Jerez, Zacatecas.- En el tercer d\u00eda de este Encuentro Estatal de Pueblos M\u00e1gicos, se llev\u00f3 a cabo una comida en la alameda Francisco Garc\u00eda Salinas con la presencia de autoridades municipales de Sa\u00edn Alto. Como plato principal, se degust\u00f3 el famoso &#8220;Caldo Loco&#8221;, gracias a la iniciativa del gobierno municipal actual, que organiz\u00f3 este evento, resultando en una mezcla regional de sabores.<\/p>\n<p>Al inicio, el Dr. E. Peter Tarlow expres\u00f3 su admiraci\u00f3n por la ciudad de Jerez desde el primer momento en que la pis\u00f3, y destac\u00f3 la calidad humana de los jerezanos. A continuaci\u00f3n, el C. Jos\u00e9 Luis Salas Cordero, alcalde de Sa\u00edn Alto, Zacatecas, conocido como &#8220;El Bicha&#8221;, agradeci\u00f3 la invitaci\u00f3n y resalt\u00f3 algunas de las virtudes de este hermoso lugar, como el caldo loco, as\u00ed como su crianza de toros de lidia, invitando a los presentes a visitar Sa\u00edn Alto.<\/p>\n<p>El Dr. Jos\u00e9 Humberto Salazar resalt\u00f3 que la visita del Dr. Tarlow no solo ha permitido aprender sobre seguridad tur\u00edstica, sino tambi\u00e9n sobre organizaci\u00f3n, visi\u00f3n y un futuro prometedor. Adem\u00e1s, destac\u00f3 que Jerez cuenta con las cualidades para convertirse en un centro tur\u00edstico de excelencia. Como resultado de esta visita, se realizaron an\u00e1lisis de los aspectos positivos y negativos que se trabajar\u00e1n en conjunto. Para concluir, afirm\u00f3: &#8220;Jerez es el centro y ser\u00e1 el coraz\u00f3n del turismo en Zacatecas&#8221;.<\/p>\n<p>Posteriormente, los asistentes disfrutaron de tostadas y duros jerezanos como entrada, el exquisito caldo loco como plato principal, un plato t\u00edpico de la regi\u00f3n visitante, y se finaliz\u00f3 con nieve artesanal t\u00edpica de Jerez.<\/p>\n<p><a  href=\"https:\/\/enconecte.com\/wp-content\/uploads\/2023\/06\/bb2cf4aa-cc6b-4dcc-8281-de8d145f4de3.jpg\" data-rel=\"lightbox-gallery-0\" data-rl_title=\"\" data-rl_caption=\"\" title=\"\"><img loading=\"lazy\" decoding=\"async\" class=\"alignnone size-full wp-image-22391\" src=\"https:\/\/enconecte.com\/wp-content\/uploads\/2023\/06\/bb2cf4aa-cc6b-4dcc-8281-de8d145f4de3.jpg\" alt=\"\" width=\"1200\" height=\"800\" srcset=\"https:\/\/enconecte.com\/wp-content\/uploads\/2023\/06\/bb2cf4aa-cc6b-4dcc-8281-de8d145f4de3.jpg 1200w, https:\/\/enconecte.com\/wp-content\/uploads\/2023\/06\/bb2cf4aa-cc6b-4dcc-8281-de8d145f4de3-300x200.jpg 300w, https:\/\/enconecte.com\/wp-content\/uploads\/2023\/06\/bb2cf4aa-cc6b-4dcc-8281-de8d145f4de3-1024x683.jpg 1024w, https:\/\/enconecte.com\/wp-content\/uploads\/2023\/06\/bb2cf4aa-cc6b-4dcc-8281-de8d145f4de3-768x512.jpg 768w, https:\/\/enconecte.com\/wp-content\/uploads\/2023\/06\/bb2cf4aa-cc6b-4dcc-8281-de8d145f4de3-150x100.jpg 150w, https:\/\/enconecte.com\/wp-content\/uploads\/2023\/06\/bb2cf4aa-cc6b-4dcc-8281-de8d145f4de3-696x464.jpg 696w, https:\/\/enconecte.com\/wp-content\/uploads\/2023\/06\/bb2cf4aa-cc6b-4dcc-8281-de8d145f4de3-1068x712.jpg 1068w, https:\/\/enconecte.com\/wp-content\/uploads\/2023\/06\/bb2cf4aa-cc6b-4dcc-8281-de8d145f4de3-630x420.jpg 630w\" sizes=\"auto, (max-width: 1200px) 100vw, 1200px\" \/><\/a><\/p>\n","protected":false},"excerpt":{"rendered":"<p>&#8220;Jerez es el centro y ser\u00e1 el coraz\u00f3n del turismo en Zacatecas&#8221;, declar\u00f3 el Dr. Jos\u00e9 Humberto Salazar Contreras. Jerez, Zacatecas.- En el tercer d\u00eda de este Encuentro Estatal de Pueblos M\u00e1gicos, se llev\u00f3 a cabo una comida en la alameda Francisco Garc\u00eda Salinas con la presencia de autoridades municipales de Sa\u00edn Alto. Como plato [&hellip;]<\/p>\n","protected":false},"author":9,"featured_media":22390,"comment_status":"closed","ping_status":"closed","sticky":false,"template":"","format":"standard","meta":{"footnotes":""},"categories":[1370],"tags":[],"class_list":["post-22389","post","type-post","status-publish","format-standard","has-post-thumbnail","hentry","category-jerez"],"_links":{"self":[{"href":"https:\/\/enconecte.com\/index.php?rest_route=\/wp\/v2\/posts\/22389","targetHints":{"allow":["GET"]}}],"collection":[{"href":"https:\/\/enconecte.com\/index.php?rest_route=\/wp\/v2\/posts"}],"about":[{"href":"https:\/\/enconecte.com\/index.php?rest_route=\/wp\/v2\/types\/post"}],"author":[{"embeddable":true,"href":"https:\/\/enconecte.com\/index.php?rest_route=\/wp\/v2\/users\/9"}],"replies":[{"embeddable":true,"href":"https:\/\/enconecte.com\/index.php?rest_route=%2Fwp%2Fv2%2Fcomments&post=22389"}],"version-history":[{"count":0,"href":"https:\/\/enconecte.com\/index.php?rest_route=\/wp\/v2\/posts\/22389\/revisions"}],"wp:featuredmedia":[{"embeddable":true,"href":"https:\/\/enconecte.com\/index.php?rest_route=\/wp\/v2\/media\/22390"}],"wp:attachment":[{"href":"https:\/\/enconecte.com\/index.php?rest_route=%2Fwp%2Fv2%2Fmedia&parent=22389"}],"wp:term":[{"taxonomy":"category","embeddable":true,"href":"https:\/\/enconecte.com\/index.php?rest_route=%2Fwp%2Fv2%2Fcategories&post=22389"},{"taxonomy":"post_tag","embeddable":true,"href":"https:\/\/enconecte.com\/index.php?rest_route=%2Fwp%2Fv2%2Ftags&post=22389"}],"curies":[{"name":"wp","href":"https:\/\/api.w.org\/{rel}","templated":true}]}}